{"id":33330,"date":"2024-07-28T16:25:07","date_gmt":"2024-07-28T19:25:07","guid":{"rendered":"https:\/\/www.arquitetoalexandresouza.com.br\/blog\/3-dicas-para-tv-na-parede-altura-ideal-e-decoracao\/"},"modified":"2024-07-28T16:25:07","modified_gmt":"2024-07-28T19:25:07","slug":"3-dicas-para-tv-na-parede-altura-ideal-e-decoracao","status":"publish","type":"post","link":"https:\/\/www.arquitetoalexandresouza.com.br\/blog\/3-dicas-para-tv-na-parede-altura-ideal-e-decoracao\/","title":{"rendered":"3 Dicas para TV na Parede: Altura Ideal e Decora\u00e7\u00e3o"},"content":{"rendered":"<p>Instalar a TV na parede \u00e9 uma decis\u00e3o que pode mudar a din\u00e2mica de qualquer ambiente, dando um toque moderno e organizado \u00e0 decora\u00e7\u00e3o. Al\u00e9m de otimizar espa\u00e7os, oferece conforto visual e seguran\u00e7a. Aqui, vamos explorar como escolher a altura ideal, a dist\u00e2ncia correta e algumas dicas de decora\u00e7\u00e3o que podem transformar sua sala ou quarto!<\/p>\n<h3>Pontos principais:<\/h3>\n<ul>\n<li><strong>Instala\u00e7\u00e3o segura e eficiente:<\/strong> Colocar a TV na parede n\u00e3o s\u00f3 economiza espa\u00e7o, mas tamb\u00e9m minimiza o risco de quedas, especialmente em lares com crian\u00e7as e pets.<\/li>\n<li><strong>Escolhas de suportes:<\/strong> H\u00e1 diversos tipos de suportes dispon\u00edveis para atender a necessidades variadas e estilos decorativos.<\/li>\n<li><strong>Otimize a altura e a dist\u00e2ncia:<\/strong> A altura ideal da TV \u00e9 crucial para um bom conforto visual e deve ser ajustada conforme o espa\u00e7o e a mob\u00edlia.<\/li>\n<\/ul>\n<h3>Por que colocar a TV na parede?<\/h3>\n<p>Ah, a velha quest\u00e3o do &#8220;onde colocar a TV?&#8221; Eu mesmo j\u00e1 me peguei pensando nisso ao arrumar minha sala. A instala\u00e7\u00e3o na parede n\u00e3o \u00e9 s\u00f3 para figurar um visual bonito. Ela <b>economiza espa\u00e7o<\/b> e propicia um ambiente mais seguro para todos. Imagine evitar que a TV caia em cima do seu bichinho! Isso j\u00e1 \u00e9 motivo suficiente pra me convencer.<\/p>\n<figure style=\"width: 1024px\" class=\"wp-caption aligncenter\"><img loading=\"lazy\" decoding=\"async\" src=\"https:\/\/www.arquitetoalexandresouza.com.br\/blog\/wp-content\/uploads\/2024\/07\/imagem_2024-03-07_112636794.webp\" alt=\"Suportes fixos e articulados s\u00e3o os mais usados para instalar a TV na parede \u2013 Projeto: Carine Oliveira | Foto: Ren Studios\" width=\"1024\" height=\"1024\" title=\"\"><figcaption class=\"wp-caption-text\">Suportes fixos e articulados s\u00e3o os mais usados para instalar a TV na parede \u2013 Projeto: Carine Oliveira | Foto: Ren Studios<\/figcaption><\/figure>\n<p>Al\u00e9m do mais, ficar for\u00e7ando o pesco\u00e7o pra assistir TV n\u00e3o \u00e9 a melhor maneira de gastar um dia de folga, certo? Quando coloco minha telona na altura certa, a visualiza\u00e7\u00e3o \u00e9 t\u00e3o agrad\u00e1vel que faz eu me sentir num cinema. Ent\u00e3o, vamos l\u00e1, ao que interessa: como fazer isso na pr\u00e1tica!<\/p>\n<h3>Tipos de suportes para TV na parede<\/h3>\n<p>Agora, quando se fala em suporte para TV, n\u00e3o tem como n\u00e3o pensar nas op\u00e7\u00f5es. Existem v\u00e1rios, cada um como um super-her\u00f3i com suas pr\u00f3prias \u201cpoderes\u201d:<\/p>\n<figure style=\"width: 1024px\" class=\"wp-caption aligncenter\"><img loading=\"lazy\" decoding=\"async\" src=\"https:\/\/www.arquitetoalexandresouza.com.br\/blog\/wp-content\/uploads\/2024\/07\/imagem_2024-03-07_112648466.webp\" alt=\"Desfrute de s\u00e9ries e filmes sem esfor\u00e7o: ajuste sua TV na parede a pelo menos 1,20 m do ch\u00e3o para garantir conforto visual \u2013 Projeto: Mari Milani + Arquitetas | Foto: Mariana Camargo\" width=\"1024\" height=\"1024\" title=\"\"><figcaption class=\"wp-caption-text\">Desfrute de s\u00e9ries e filmes sem esfor\u00e7o: ajuste sua TV na parede a pelo menos 1,20 m do ch\u00e3o para garantir conforto visual \u2013 Projeto: Mari Milani + Arquitetas | Foto: Mariana Camargo<\/figcaption><\/figure>\n<ul>\n<li><strong>Suportes fixos:<\/strong> Mant\u00eam a TV rente \u00e0 parede. Eles s\u00e3o simples e discretos, ideais para espa\u00e7os limitados.<\/li>\n<li><strong>Suportes inclin\u00e1veis:<\/strong> Esses permitem que a parte superior da TV seja inclinada para evitar reflexos. Os mais espertos j\u00e1 sacaram que isso \u00e9 bom, especialmente se a TV estiver montada em um local alto.<\/li>\n<li><strong>Suportes articulados:<\/strong> Ah, esses s\u00e3o os \u201cex\u00e9rcitos\u201d das TVs, com bra\u00e7o extens\u00edvel! Voc\u00ea pode mover pra l\u00e1 e pra c\u00e1, o que \u00e9 \u00f3timo pra ajustar a visualiza\u00e7\u00e3o conforme a ocasi\u00e3o.<\/li>\n<li><strong>Suportes de teto:<\/strong> Isso mesmo! Se as paredes s\u00e3o um problema, que tal fixar no teto? Libera espa\u00e7o e ainda d\u00e1 um toque moderno.<\/li>\n<\/ul>\n<h3>Altura ideal para a TV na parede<\/h3>\n<p>Agora, vamos falar da altura. <b>Instalar a TV na altura certa \u00e9 fundamental<\/b> e mudar\u00e1 o jogo completamente. Se voc\u00ea nunca pensou nisso, se prepara! Uma boa regra \u00e9 fixar a TV a cerca de 1,20 m do ch\u00e3o. Mas antes de sair furando a parede, fa\u00e7a um teste: sente no sof\u00e1 ou na cama e veja se a proposta \u00e9 confort\u00e1vel. Caso contr\u00e1rio, ajuste at\u00e9 encontrar o ponto perfeito!<\/p>\n<figure style=\"width: 1024px\" class=\"wp-caption aligncenter\"><img loading=\"lazy\" decoding=\"async\" src=\"https:\/\/www.arquitetoalexandresouza.com.br\/blog\/wp-content\/uploads\/2024\/07\/imagem_2024-03-07_112707622.webp\" alt=\"Lembre-se de que a altura ideal da TV na parede pode variar conforme os o ambiente e m\u00f3veis \u2013 Projeto: Mari Milani + Arquitetas | Foto: Erika Urbino\" width=\"1024\" height=\"1024\" title=\"\"><figcaption class=\"wp-caption-text\">Lembre-se de que a altura ideal da TV na parede pode variar conforme os o ambiente e m\u00f3veis \u2013 Projeto: Mari Milani + Arquitetas | Foto: Erika Urbino<\/figcaption><\/figure>\n<p>\u00c9 como ajustar a altura do seu banco na bicicleta, sabe? N\u00e3o d\u00e1 pra sair pedalando com ele l\u00e1 em cima, ou voc\u00ea vai acabar com o pesco\u00e7o estalando!<\/p>\n<figure style=\"width: 1024px\" class=\"wp-caption aligncenter\"><img loading=\"lazy\" decoding=\"async\" src=\"https:\/\/www.arquitetoalexandresouza.com.br\/blog\/wp-content\/uploads\/2024\/07\/imagem_2024-03-07_112719437.webp\" alt=\"O tamanho da televis\u00e3o precisa ser proporcional ao ambiente \u2013 Projeto: Mari Milani + Arquitetas | Foto: Erika Urbino\" width=\"1024\" height=\"1024\" title=\"\"><figcaption class=\"wp-caption-text\">O tamanho da televis\u00e3o precisa ser proporcional ao ambiente \u2013 Projeto: Mari Milani + Arquitetas | Foto: Erika Urbino<\/figcaption><\/figure>\n<h3>Dist\u00e2ncia ideal para instalar a TV<\/h3>\n<p>E n\u00e3o esque\u00e7a da <b>dist\u00e2ncia<\/b> entre voc\u00ea e a TV! Tem uma f\u00f3rmula que \u00e9 mais ou menos assim: para cada polegada da TV, voc\u00ea deve ter cerca de 1,5 a 2,5 vezes essa medida em dist\u00e2ncia. Ent\u00e3o, se voc\u00ea tiver uma TV de 50 polegadas, calcule entre 1,9 e 3,8 metros de dist\u00e2ncia. Bateu aquela d\u00favida? N\u00e3o se preocupe, essa \u00e9 s\u00f3 uma diretriz, mas ajuda a melhorar a experi\u00eancia de assistir suas s\u00e9ries preferidas.<\/p>\n<figure style=\"width: 1024px\" class=\"wp-caption aligncenter\"><img loading=\"lazy\" decoding=\"async\" src=\"https:\/\/www.arquitetoalexandresouza.com.br\/blog\/wp-content\/uploads\/2024\/07\/imagem_2024-03-07_112731000.webp\" alt=\"Para um d\u00e9cor moderno ou minimalista, instale a TV diretamente na parede \u2013 Projeto: Mandril Arquitetura | Foto: Mariana Orsi @marianaorsifotografia\" width=\"1024\" height=\"1024\" title=\"\"><figcaption class=\"wp-caption-text\">Para um d\u00e9cor moderno ou minimalista, instale a TV diretamente na parede \u2013 Projeto: Mandril Arquitetura | Foto: Mariana Orsi @marianaorsifotografia<\/figcaption><\/figure>\n<h3>Decora\u00e7\u00e3o com TV na parede<\/h3>\n<p>O legal de ter uma TV na parede \u00e9 que voc\u00ea pode explorar bastante na decora\u00e7\u00e3o. \u00c9 como fazer um DIY que d\u00e1 super certo! Use um painel pra dar um toque mais sofisticado ou simplesmente pinte a parede atr\u00e1s da TV numa cor que destaque o aparelho. A televis\u00e3o pode at\u00e9 ser a estrela principal da sua sala!<\/p>\n<figure style=\"width: 1024px\" class=\"wp-caption aligncenter\"><img loading=\"lazy\" decoding=\"async\" src=\"https:\/\/www.arquitetoalexandresouza.com.br\/blog\/wp-content\/uploads\/2024\/07\/imagem_2024-03-07_112746176.webp\" alt=\"Loft Z\u00e9firo tem ambientes arejados e elegantes \u2013 Projeto: Patricia Hagobian | Foto: Jo\u00e3o Paulo Oliveira\" width=\"1024\" height=\"1024\" title=\"\"><figcaption class=\"wp-caption-text\">Loft Z\u00e9firo tem ambientes arejados e elegantes \u2013 Projeto: Patricia Hagobian | Foto: Jo\u00e3o Paulo Oliveira<\/figcaption><\/figure>\n<p>Pessoalmente, eu adoro usar prateleiras ou nichos ao lado da TV. Al\u00e9m de funcional, d\u00e1 uma animada no visual e garanto que faz todo mundo querer dar uma espiada nos seus itens decorativos. Qualquer lugar ficando mais bonito \u00e9 uma vit\u00f3ria, n\u00e3o \u00e9 mesmo?<\/p>\n<figure style=\"width: 1024px\" class=\"wp-caption aligncenter\"><img loading=\"lazy\" decoding=\"async\" src=\"https:\/\/www.arquitetoalexandresouza.com.br\/blog\/wp-content\/uploads\/2024\/07\/imagem_2024-03-07_112804396.webp\" alt=\"Considere os revestimentos e m\u00f3veis que j\u00e1 existem no espa\u00e7o para criar um d\u00e9cor harmonioso \u2013 Projeto: Mari Milani + Arquitetas | Foto: Rafael Ramos\" width=\"1024\" height=\"1024\" title=\"\"><figcaption class=\"wp-caption-text\">Considere os revestimentos e m\u00f3veis que j\u00e1 existem no espa\u00e7o para criar um d\u00e9cor harmonioso \u2013 Projeto: Mari Milani + Arquitetas | Foto: Rafael Ramos<\/figcaption><\/figure>\n<h3>Decora\u00e7\u00e3o de TV na parede no quarto<\/h3>\n<p>Quem diria? Agora at\u00e9 nos quartos a TV na parede est\u00e1 popularizando. Com o espa\u00e7o reduzido, \u00e9 bem pr\u00e1tico! Eu mesmo j\u00e1 coloquei a minha na parede e fica tudo livre para circula\u00e7\u00e3o. Sem contar que assistir a um filme na cama enquanto voc\u00ea est\u00e1 todo enrolado no cobertor \u00e9 a defini\u00e7\u00e3o de conforto!<\/p>\n<figure style=\"width: 1024px\" class=\"wp-caption aligncenter\"><img loading=\"lazy\" decoding=\"async\" src=\"https:\/\/www.arquitetoalexandresouza.com.br\/blog\/wp-content\/uploads\/2024\/07\/imagem_2024-03-07_112814384.webp\" alt=\"TV na parede do quarto deixa o espa\u00e7o completo e mais confort\u00e1vel \u2013 Projeto: Mari Milani + Arquitetas | Foto: Mariana Camargo\" width=\"1024\" height=\"1024\" title=\"\"><figcaption class=\"wp-caption-text\">TV na parede do quarto deixa o espa\u00e7o completo e mais confort\u00e1vel \u2013 Projeto: Mari Milani + Arquitetas | Foto: Mariana Camargo<\/figcaption><\/figure>\n<p>Se voc\u00ea for instalar a TV sem painel, siga em frente! Acredite, n\u00e3o precisa ser uma regra. O que conta \u00e9 a fun\u00e7\u00e3o e a est\u00e9tica. Uma disposi\u00e7\u00e3o cuidadosa pode deixar o quarto bem mais aconchegante e bem projetado.<\/p>\n<figure style=\"width: 1024px\" class=\"wp-caption aligncenter\"><img loading=\"lazy\" decoding=\"async\" src=\"https:\/\/www.arquitetoalexandresouza.com.br\/blog\/wp-content\/uploads\/2024\/07\/imagem_2024-03-07_112838059.webp\" alt=\"TV na parede + ilumina\u00e7\u00e3o embutida + revestimento marmorizado preto \u2013 Mariana Diniz Arquitetura e Interiores | Foto: @mardepalha\" width=\"1024\" height=\"1024\" title=\"\"><figcaption class=\"wp-caption-text\">TV na parede + ilumina\u00e7\u00e3o embutida + revestimento marmorizado preto \u2013 Mariana Diniz Arquitetura e Interiores | Foto: @mardepalha<\/figcaption><\/figure>\n<h2>Considera\u00e7\u00f5es Finais<\/h2>\n<p>Bom, est\u00e1 na hora de colocar tudo em pr\u00e1tica! Esperamos que voc\u00ea tenha j\u00e1 se animado a transformar sua TV em uma pe\u00e7a de destaque na sua decora\u00e7\u00e3o. <b>A instala\u00e7\u00e3o correta vai garantir conforto, seguran\u00e7a e um ambiente agrad\u00e1vel<\/b>. Se precisar de ajuda nesse projeto, n\u00e3o hesite em chamar um profissional. Afinal, pra fazer tudo certinho, vale a pena um pouco de expertise.<\/p>\n<p>Por fim, quem n\u00e3o gosta de assistir um bom filme ou s\u00e9rie? Ent\u00e3o chega de procrastinar e bora fazer a m\u00e1gica acontecer! Com as dicas de hoje, sua sala e quarto v\u00e3o ganhar uma nova vida e muito mais estilo. E se n\u00e3o ficar do jeito que voc\u00ea imaginou, lembre-se: n\u00e3o \u00e9 o fim do mundo. Basta ajustar aqui e ali e voc\u00ea provavelmente estar\u00e1 mais feliz do que nunca com a sua TV na parede!<\/p>\n<p>Agora, vamos l\u00e1, j\u00e1 est\u00e1 na hora de degusta essa nova ideia decorativa e, enquanto isso, n\u00e3o esquece de dar um pulo na Viva Decora Shop, que com certeza voc\u00ea vai se surpreender com as novidades!<\/p>\n<\/p>\n<\/p>\n<\/p><\/p>\n","protected":false},"excerpt":{"rendered":"<p>Descubra 3 dicas para definir a altura ideal da TV na parede e decor\u00e1-la com estilo. Confira mais!<\/p>\n","protected":false},"author":1,"featured_media":33320,"comment_status":"closed","ping_status":"closed","sticky":false,"template":"","format":"standard","meta":{"footnotes":""},"categories":[4],"tags":[],"_links":{"self":[{"href":"https:\/\/www.arquitetoalexandresouza.com.br\/blog\/wp-json\/wp\/v2\/posts\/33330"}],"collection":[{"href":"https:\/\/www.arquitetoalexandresouza.com.br\/blog\/wp-json\/wp\/v2\/posts"}],"about":[{"href":"https:\/\/www.arquitetoalexandresouza.com.br\/blog\/wp-json\/wp\/v2\/types\/post"}],"author":[{"embeddable":true,"href":"https:\/\/www.arquitetoalexandresouza.com.br\/blog\/wp-json\/wp\/v2\/users\/1"}],"replies":[{"embeddable":true,"href":"https:\/\/www.arquitetoalexandresouza.com.br\/blog\/wp-json\/wp\/v2\/comments?post=33330"}],"version-history":[{"count":0,"href":"https:\/\/www.arquitetoalexandresouza.com.br\/blog\/wp-json\/wp\/v2\/posts\/33330\/revisions"}],"wp:featuredmedia":[{"embeddable":true,"href":"https:\/\/www.arquitetoalexandresouza.com.br\/blog\/wp-json\/wp\/v2\/media\/33320"}],"wp:attachment":[{"href":"https:\/\/www.arquitetoalexandresouza.com.br\/blog\/wp-json\/wp\/v2\/media?parent=33330"}],"wp:term":[{"taxonomy":"category","embeddable":true,"href":"https:\/\/www.arquitetoalexandresouza.com.br\/blog\/wp-json\/wp\/v2\/categories?post=33330"},{"taxonomy":"post_tag","embeddable":true,"href":"https:\/\/www.arquitetoalexandresouza.com.br\/blog\/wp-json\/wp\/v2\/tags?post=33330"}],"curies":[{"name":"wp","href":"https:\/\/api.w.org\/{rel}","templated":true}]}}