{"id":34050,"date":"2024-08-04T00:49:06","date_gmt":"2024-08-04T03:49:06","guid":{"rendered":"https:\/\/www.arquitetoalexandresouza.com.br\/blog\/teto-colorido-10-ideias-transformar-quarto-sala-cozinha-escritorio\/"},"modified":"2024-08-04T00:49:06","modified_gmt":"2024-08-04T03:49:06","slug":"teto-colorido-10-ideias-transformar-quarto-sala-cozinha-escritorio","status":"publish","type":"post","link":"https:\/\/www.arquitetoalexandresouza.com.br\/blog\/teto-colorido-10-ideias-transformar-quarto-sala-cozinha-escritorio\/","title":{"rendered":"Teto Colorido: +10 Ideias para Transformar Quarto, Sala, Cozinha e Escrit\u00f3rio"},"content":{"rendered":"<p><body><\/p>\n<p>Se voc\u00ea quer dar um up na est\u00e9tica da sua casa, a tend\u00eancia dos <b>tetos coloridos<\/b> \u00e9 a resposta! Eles n\u00e3o s\u00f3 trazem um toque de originalidade, mas tamb\u00e9m transformam qualquer ambiente em um lugar mais convidativo e cheio de personalidade.<\/p>\n<h3>Pontos principais:<\/h3>\n<ul>\n<li><b>Quebrando a Monotonia:<\/b> Os tetos brancos dominam, mas n\u00e3o s\u00e3o a \u00fanica op\u00e7\u00e3o. Colorir o teto pode ser uma forma simples de <b>renovar o espa\u00e7o<\/b> e surpreender quem entra.<\/li>\n<li><b>Cores e Harmonia:<\/b> Escolher a cor certa \u00e9 fundamental. Os tons podem refletir seu estilo pessoal e a atmosfera que voc\u00ea deseja criar em cada ambiente.<\/li>\n<li><b>Import\u00e2ncia da Consultoria:<\/b> N\u00e3o \u00e9 s\u00f3 pintar e pronto! Consultar um profissional pode trazer <b>resultados fant\u00e1sticos<\/b> e evitar arrependimentos.<\/li>\n<\/ul>\n<h3>Por que Optar por Tetos Coloridos?<\/h3>\n<p>J\u00e1 parou pra pensar em como a decora\u00e7\u00e3o da casa pode ser <b>mon\u00f3tona<\/b>? Ter um teto branco \u00e9 quase uma tradi\u00e7\u00e3o, mas por que n\u00e3o ousar? Transformar o teto em uma pe\u00e7a central da decora\u00e7\u00e3o \u00e9 uma forma de expressar sua personalidade e <b>surpreender os convidados<\/b>. Um teto colorido \u00e9 como um chef que apimenta um prato: ele atrai a aten\u00e7\u00e3o e pode mudar completamente a sensa\u00e7\u00e3o do ambiente.<\/p>\n<figure style=\"width: 1024px\" class=\"wp-caption aligncenter\"><img loading=\"lazy\" decoding=\"async\" src=\"https:\/\/www.arquitetoalexandresouza.com.br\/blog\/wp-content\/uploads\/2024\/08\/imagem_2024-04-10_150410793.webp\" alt=\"Sof\u00e1 de tr\u00eas lugares e teto colorido verde, projeto de Nat Coelho, fotografia de Gabriela Daltro\/CASACOR.\" width=\"1024\" height=\"1024\" title=\"\"><figcaption class=\"wp-caption-text\">Sof\u00e1 de tr\u00eas lugares e teto colorido verde, projeto de Nat Coelho, fotografia de Gabriela Daltro\/CASACOR.<\/figcaption><\/figure>\n<h3>Como Escolher a Melhor Cor para o Teto?<\/h3>\n<p>Agora, voc\u00ea pode estar se perguntando: \u201cQual a melhor cor para o meu teto?\u201d N\u00e3o existe uma resposta \u00fanica, mas a chave \u00e9 a <b>harmonia<\/b>. Se voc\u00ea \u00e9 mais da turma dos tons suaves, um azul claro ou verde pode ser a escolha perfeita. Em contrapartida, quem gosta de arriscar pode optar por um vermelho vibrante, desde que combine com o restante do espa\u00e7o. A ideia \u00e9 que o teto n\u00e3o brigue com a decora\u00e7\u00e3o, mas <b>complemente<\/b> tudo de forma coerente.<\/p>\n<h3>Tetos Coloridos no Quarto: Dicas e Inspira\u00e7\u00f5es<\/h3>\n<p>Ah, o quarto&#8230; nosso ref\u00fagio sagrado! Quando se pensa em cores, o c\u00e9u \u00e9 o limite. Usar tons suaves como rosa ou azul pode trazer uma sensa\u00e7\u00e3o de calma, enquanto cores mais escuras agregam um toque de <b>dramaticidade<\/b>, ideal para quem curte um estilo mais ousado. Uma \u00f3tima dica \u00e9 escolher uma cor que combine com a roupa de cama ou com a pintura da parede. Nada como um quarto que respira <b>harmonia<\/b> e calma!<\/p>\n<figure style=\"width: 1024px\" class=\"wp-caption aligncenter\"><img loading=\"lazy\" decoding=\"async\" src=\"https:\/\/www.arquitetoalexandresouza.com.br\/blog\/wp-content\/uploads\/2024\/08\/imagem_2024-04-10_150418962.webp\" alt=\"Teto colorido inspirado na artista Frida Kahlo, projeto de Dinah Lins, fotografia de Gabriela Daltro\/CASACOR.\" width=\"1024\" height=\"1024\" title=\"\"><figcaption class=\"wp-caption-text\">Teto colorido inspirado na artista Frida Kahlo, projeto de Dinah Lins, fotografia de Gabriela Daltro\/CASACOR.<\/figcaption><\/figure>\n<h3>Cozinha com Teto Colorido: Como Harmonizar<\/h3>\n<p>Passando para a cozinha, a ideia \u00e9 pensar em algo que traga alegria. Cores como <b>amarelo<\/b> ou azuis claros podem deixar o ambiente mais aconchegante, enquanto um tom vibrante pode ser a pitada de sabor que sua decora\u00e7\u00e3o precisa. O legal aqui \u00e9 que, em cozinhas menores, cores claras ajudam a criar uma sensa\u00e7\u00e3o de espa\u00e7o, quase como um truque de m\u00e1gica. E quem n\u00e3o ama um pouco de magia em casa?<\/p>\n<figure style=\"width: 1024px\" class=\"wp-caption aligncenter\"><img loading=\"lazy\" decoding=\"async\" src=\"https:\/\/www.arquitetoalexandresouza.com.br\/blog\/wp-content\/uploads\/2024\/08\/imagem_2024-04-10_150427892.webp\" alt=\"Tela em branco explorada com diversas cores, projeto de Marcela Tiraboschi, fotografia de Felipe Araujo\/CASACOR.\" width=\"1024\" height=\"1024\" title=\"\"><figcaption class=\"wp-caption-text\">Tela em branco explorada com diversas cores, projeto de Marcela Tiraboschi, fotografia de Felipe Araujo\/CASACOR.<\/figcaption><\/figure>\n<h3>Tetos Coloridos na Sala: Crie Ambientes Integrados<\/h3>\n<p>Na sala, a sinfonia continua! Para salas integradas, uma boa ideia \u00e9 pintar somente o teto e usar a cor para criar uma <b>divis\u00e3o<\/b> visual. Contudo, cuidado: se a sala for pequena, isso pode fazer o espa\u00e7o parecer menor. O ideal \u00e9 sempre avaliar como a ilumina\u00e7\u00e3o vai interagir com a cor. Um teto amarelo, por exemplo, pode fazer a sala brilhar como um <b>radiante sol<\/b>.<\/p>\n<figure style=\"width: 1024px\" class=\"wp-caption aligncenter\"><img loading=\"lazy\" decoding=\"async\" src=\"https:\/\/www.arquitetoalexandresouza.com.br\/blog\/wp-content\/uploads\/2024\/08\/imagem_2024-04-10_150435498.webp\" alt=\"Cozinha minimalista com teto azul, projeto de Dubeux Vasconcelos Arquitetura, fotografia de MCA Est\u00fadio\/CASACOR.\" width=\"1024\" height=\"1024\" title=\"\"><figcaption class=\"wp-caption-text\">Cozinha minimalista com teto azul, projeto de Dubeux Vasconcelos Arquitetura, fotografia de MCA Est\u00fadio\/CASACOR.<\/figcaption><\/figure>\n<h3>Escrit\u00f3rio com Teto Colorido: Est\u00edmulo \u00e0 Criatividade<\/h3>\n<p>Um escrit\u00f3rio colorido \u00e9 um convite \u00e0 <b>criatividade<\/b>! Para espa\u00e7os onde a inspira\u00e7\u00e3o precisa fluir, cores como azul claro ou cinza suave s\u00e3o ideais. Um teto em um tom vibrante pode fazer os neur\u00f4nios dan\u00e7arem e estimular a inova\u00e7\u00e3o. Para quem busca um ar mais elegante e minimalista, a paleta monocrom\u00e1tica pode fazer maravilhas. Um teto e paredes da mesma cor trazem uma sensa\u00e7\u00e3o de continuidade e sofistica\u00e7\u00e3o.<\/p>\n<figure style=\"width: 1024px\" class=\"wp-caption aligncenter\"><img loading=\"lazy\" decoding=\"async\" src=\"https:\/\/www.arquitetoalexandresouza.com.br\/blog\/wp-content\/uploads\/2024\/08\/imagem_2024-04-10_150443680.webp\" alt=\"Cozinha pr\u00e1tica com teto verde, projeto de Al\u00ea Neves e Gero Tavares, fotografia de Edgard Cesar\/CASACOR.\" width=\"1024\" height=\"1024\" title=\"\"><figcaption class=\"wp-caption-text\">Cozinha pr\u00e1tica com teto verde, projeto de Al\u00ea Neves e Gero Tavares, fotografia de Edgard Cesar\/CASACOR.<\/figcaption><\/figure>\n<h3>Dicas de Aplica\u00e7\u00e3o e T\u00e9cnicas para Pintura<\/h3>\n<p>Agora, a parte pr\u00e1tica: como aplicar essa cor t\u00e3o desejada? A primeira dica \u00e9 sempre preparar a superf\u00edcie. Limpar e lixar o teto garante que a tinta adira melhor. Na hora da pintura, use uma <b>rolinha<\/b> para \u00e1reas grandes e um pincel para os cantos. Ah, e n\u00e3o esque\u00e7a de proteger o ch\u00e3o e as paredes para n\u00e3o criar uma bagun\u00e7a. Um pouco de organiza\u00e7\u00e3o pode fazer a diferen\u00e7a entre um trabalho art\u00edstico e uma obra de arte moderna, se \u00e9 que voc\u00ea me entende!<\/p>\n<figure style=\"width: 1024px\" class=\"wp-caption aligncenter\"><img loading=\"lazy\" decoding=\"async\" src=\"https:\/\/www.arquitetoalexandresouza.com.br\/blog\/wp-content\/uploads\/2024\/08\/imagem_2024-04-10_150454730.webp\" alt=\"Loft aconchegante com teto colorido e formas org\u00e2nicas, projeto de Wesley Ramos, fotografia de Gabriela Daltro\/CASACOR.\" width=\"1024\" height=\"1024\" title=\"\"><figcaption class=\"wp-caption-text\">Loft aconchegante com teto colorido e formas org\u00e2nicas, projeto de Wesley Ramos, fotografia de Gabriela Daltro\/CASACOR.<\/figcaption><\/figure>\n<h3>A Import\u00e2ncia de Consultar um Profissional<\/h3>\n<p>Por \u00faltimo, mas n\u00e3o menos importante, a consultoria profissional. Pintar o teto \u00e9 um trabalho que parece simples, mas pode se tornar uma verdadeira dor de cabe\u00e7a se voc\u00ea n\u00e3o tiver experi\u00eancia. Profissionais conhecem as melhores t\u00e9cnicas e cores, evitando arrependimentos futuros. Al\u00e9m disso, eles t\u00eam um olhar art\u00edstico que pode agregar muito mais valor ao seu projeto. Afinal, quem n\u00e3o prefere ter um toque de expertise na sua t\u00e3o sonhada decora\u00e7\u00e3o?<\/p>\n<figure style=\"width: 1024px\" class=\"wp-caption aligncenter\"><img loading=\"lazy\" decoding=\"async\" src=\"https:\/\/www.arquitetoalexandresouza.com.br\/blog\/wp-content\/uploads\/2024\/08\/imagem_2024-04-10_150502750.webp\" alt=\"Sala moderna com tons de rosa no teto, projeto de Camila Bittencourt Arquitetura, fotografia de MCA Est\u00fadio\/CASACOR.\" width=\"1024\" height=\"1024\" title=\"\"><figcaption class=\"wp-caption-text\">Sala moderna com tons de rosa no teto, projeto de Camila Bittencourt Arquitetura, fotografia de MCA Est\u00fadio\/CASACOR.<\/figcaption><\/figure>\n<h3>Conclus\u00e3o: D\u00ea Vida ao Seu Teto com Cor e Estilo<\/h3>\n<p>Portanto, n\u00e3o tenha medo! Ao optar por tetos coloridos, voc\u00ea t\u00e1 fazendo mais do que apenas escolher uma tinta: voc\u00ea est\u00e1 <b>dando vida<\/b> ao seu espa\u00e7o, tornando-o \u00fanico e expressivo. Lembre-se de que a casa \u00e9 um reflexo de quem voc\u00ea \u00e9. Ent\u00e3o, solte a sua criatividade e fa\u00e7a desse espa\u00e7o um verdadeiro lar. Porque, no fim das contas, at\u00e9 o teto merece uma dose de amor e um pouco de <b>cor<\/b>!<\/p>\n<p><figure style=\"width: 1024px\" class=\"wp-caption aligncenter\"><img loading=\"lazy\" decoding=\"async\" src=\"https:\/\/www.arquitetoalexandresouza.com.br\/blog\/wp-content\/uploads\/2024\/08\/imagem_2024-04-10_150510464.webp\" alt=\"Escrit\u00f3rio moderno com teto colorido, projeto de M\u00e1rcio Davi, fotografia de Gabriela Daltro\/CASACOR.\" width=\"1024\" height=\"1024\" title=\"\"><figcaption class=\"wp-caption-text\">Escrit\u00f3rio moderno com teto colorido, projeto de M\u00e1rcio Davi, fotografia de Gabriela Daltro\/CASACOR.<\/figcaption><\/figure><br \/>\n<\/body><\/p>\n<figure style=\"width: 1024px\" class=\"wp-caption aligncenter\"><img loading=\"lazy\" decoding=\"async\" src=\"https:\/\/www.arquitetoalexandresouza.com.br\/blog\/wp-content\/uploads\/2024\/08\/imagem_2024-04-10_150519868.webp\" alt=\"Escrit\u00f3rio inspirado em trabalho, vinho e arte, teto verde, projeto de Sergio Coelho e Daniel Sampaio, fotografia de Felipe Araujo\/CASACOR.\" width=\"1024\" height=\"1024\" title=\"\"><figcaption class=\"wp-caption-text\">Escrit\u00f3rio inspirado em trabalho, vinho e arte, teto verde, projeto de Sergio Coelho e Daniel Sampaio, fotografia de Felipe Araujo\/CASACOR.<\/figcaption><\/figure>\n<\/p>\n<\/p>\n<\/p>\n<\/p><\/p>\n","protected":false},"excerpt":{"rendered":"<p>Descubra mais de 10 ideias inspiradoras para dar um toque de cor ao teto de seus ambientes favoritos, incluindo quartos, salas, cozinhas e escrit\u00f3rios. Transforme seu espa\u00e7o com essas dicas pr\u00e1ticas e estilosas.<\/p>\n","protected":false},"author":1,"featured_media":34040,"comment_status":"closed","ping_status":"closed","sticky":false,"template":"","format":"standard","meta":{"footnotes":""},"categories":[4],"tags":[],"_links":{"self":[{"href":"https:\/\/www.arquitetoalexandresouza.com.br\/blog\/wp-json\/wp\/v2\/posts\/34050"}],"collection":[{"href":"https:\/\/www.arquitetoalexandresouza.com.br\/blog\/wp-json\/wp\/v2\/posts"}],"about":[{"href":"https:\/\/www.arquitetoalexandresouza.com.br\/blog\/wp-json\/wp\/v2\/types\/post"}],"author":[{"embeddable":true,"href":"https:\/\/www.arquitetoalexandresouza.com.br\/blog\/wp-json\/wp\/v2\/users\/1"}],"replies":[{"embeddable":true,"href":"https:\/\/www.arquitetoalexandresouza.com.br\/blog\/wp-json\/wp\/v2\/comments?post=34050"}],"version-history":[{"count":0,"href":"https:\/\/www.arquitetoalexandresouza.com.br\/blog\/wp-json\/wp\/v2\/posts\/34050\/revisions"}],"wp:featuredmedia":[{"embeddable":true,"href":"https:\/\/www.arquitetoalexandresouza.com.br\/blog\/wp-json\/wp\/v2\/media\/34040"}],"wp:attachment":[{"href":"https:\/\/www.arquitetoalexandresouza.com.br\/blog\/wp-json\/wp\/v2\/media?parent=34050"}],"wp:term":[{"taxonomy":"category","embeddable":true,"href":"https:\/\/www.arquitetoalexandresouza.com.br\/blog\/wp-json\/wp\/v2\/categories?post=34050"},{"taxonomy":"post_tag","embeddable":true,"href":"https:\/\/www.arquitetoalexandresouza.com.br\/blog\/wp-json\/wp\/v2\/tags?post=34050"}],"curies":[{"name":"wp","href":"https:\/\/api.w.org\/{rel}","templated":true}]}}