{"id":38119,"date":"2024-09-23T08:52:34","date_gmt":"2024-09-23T11:52:34","guid":{"rendered":"https:\/\/www.arquitetoalexandresouza.com.br\/blog\/5-modelos-de-porta-para-corredor-externo-que-voce-vai-amar-2\/"},"modified":"2024-09-23T08:52:34","modified_gmt":"2024-09-23T11:52:34","slug":"5-modelos-de-porta-para-corredor-externo-que-voce-vai-amar-2","status":"publish","type":"post","link":"https:\/\/www.arquitetoalexandresouza.com.br\/blog\/5-modelos-de-porta-para-corredor-externo-que-voce-vai-amar-2\/","title":{"rendered":"5 Modelos de Porta para Corredor Externo que Voc\u00ea Vai Amar"},"content":{"rendered":"<p>Sabe aquele corredor externo da sua casa que t\u00e1 pedindo um toque especial? Ent\u00e3o, as <b>portas<\/b> que escolhemos s\u00e3o essenciais para dar aquele charme e funcionalidade no espa\u00e7o. Vamos explorar juntos cinco modelos que n\u00e3o s\u00f3 transformam a entrada da sua resid\u00eancia, mas tamb\u00e9m a deixam mais segura e aconchegante.<\/p>\n<h2>Pontos principais:<\/h2>\n<ul>\n<li><b>Diversidade de op\u00e7\u00f5es<\/b> para corredores externos, cada uma com seu estil\u00e3o e caracter\u00edsticas \u00fanicas.<\/li>\n<li>A manuten\u00e7\u00e3o e escolha correta das portas podem <b>valorizar seu espa\u00e7o<\/b> e garantir seguran\u00e7a.<\/li>\n<li>Ilumina\u00e7\u00e3o, resist\u00eancia e estilo s\u00e3o fatores-chave para achar a <b>porta ideal<\/b>.<\/li>\n<\/ul>\n<h2>Modelos de Portas que V\u00e3o Transformar o Seu Corredor Externo<\/h2>\n<h3>1. Porta de Madeira Natural: Estilo e Resist\u00eancia<\/h3>\n<p><img loading=\"lazy\" decoding=\"async\" src=\"https:\/\/www.arquitetoalexandresouza.com.br\/blog\/wp-content\/uploads\/2024\/09\/5-Modelos-de-Porta-para-Corredor-Externo-que-Voce-Vai-Amar01.jpg\" alt=\"5 Modelos de Porta para Corredor Externo que Voc\u00ea Vai Amar\" width=\"1024\" height=\"1024\" title=\"\"><\/p>\n<p>Ah, as <b>portas de madeira natural<\/b>&#8230; Elas t\u00eam aquele cheiro bom que lembra a casa da av\u00f3, n\u00e3o \u00e9? Al\u00e9m de trazer um visual tradicional e r\u00fastico, elas s\u00e3o super resistentes. Uma porta de carvalho ou de ip\u00ea pode ser a solu\u00e7\u00e3o perfeita para quem busca <b>durabilidade<\/b> e um toque cl\u00e1ssico, criando um ambiente acolhedor e convidativo. <\/p>\n<h3>2. Porta de Alum\u00ednio: Modernidade e Seguran\u00e7a<\/h3>\n<p>Se t\u00e1 pensando em algo moderno e cheio de estilo, as <b>portas de alum\u00ednio<\/b> s\u00e3o uma excelente pedida. Elas s\u00e3o leves, <b>f\u00e1ceis de limpar<\/b> e parecem ter sa\u00eddo direto de uma revista de decora\u00e7\u00e3o! Al\u00e9m disso, s\u00e3o super resistentes e oferecem uma variedade de cores que, olha, podem se encaixar perfeitamente em qualquer fachada.<\/p>\n<h3>3. Porta de Vidro Temperado: Luminosidade e Eleg\u00e2ncia<\/h3>\n<p><img loading=\"lazy\" decoding=\"async\" src=\"https:\/\/www.arquitetoalexandresouza.com.br\/blog\/wp-content\/uploads\/2024\/09\/5-Modelos-de-Porta-para-Corredor-Externo-que-Voce-Vai-Amar02.jpg\" alt=\"5 Modelos de Porta para Corredor Externo que Voc\u00ea Vai Amar\" width=\"1024\" height=\"1024\" title=\"\"><\/p>\n<p>Deixa eu te contar uma coisa&#8230; As <b>portas de vidro temperado<\/b> s\u00e3o como a janela aberta para o mundo! Elas permitem que a luz natural flua e trazem uma sensa\u00e7\u00e3o incr\u00edvel de amplitude. Se o seu corredor \u00e9 pequeno, essa \u00e9 uma op\u00e7\u00e3o que n\u00e3o s\u00f3 ilumina, mas tamb\u00e9m d\u00e1 aquela eleg\u00e2ncia digna de tirar o chap\u00e9u. E ainda d\u00e1 pra personalizar o vidro! Que tal um com estampa florida? Um toque de [estilo](https:\/\/www.exemplo.com.br) nunca \u00e9 demais.<\/p>\n<h3>4. Porta de Fibra de Vidro: Durabilidade e Baixa Manuten\u00e7\u00e3o<\/h3>\n<p>Agora, vamos falar sobre as <b>portas de fibra de vidro<\/b>. Voc\u00ea j\u00e1 ouviu falar delas? S\u00e3o como aquelas amigas que est\u00e3o sempre por perto e n\u00e3o te d\u00e3o trabalho! Elas s\u00e3o <b>extremamente dur\u00e1veis<\/b> e resistem ao tempo, \u00e0 umidade e ainda t\u00eam um visual super bonito. Se voc\u00ea n\u00e3o quer se preocupar com manuten\u00e7\u00e3o, essa \u00e9 a sua op\u00e7\u00e3o!<\/p>\n<h3>5. Porta com Pain\u00e9is: Charme Cl\u00e1ssico e Versatilidade<\/h3>\n<p><img loading=\"lazy\" decoding=\"async\" src=\"https:\/\/www.arquitetoalexandresouza.com.br\/blog\/wp-content\/uploads\/2024\/09\/5-Modelos-de-Porta-para-Corredor-Externo-que-Voce-Vai-Amar03.jpg\" alt=\"5 Modelos de Porta para Corredor Externo que Voc\u00ea Vai Amar\" width=\"1024\" height=\"1024\" title=\"\"><\/p>\n<p>Se voc\u00ea busca um toque mais vintage, as <b>portas com pain\u00e9is<\/b> trazem um charme ineg\u00e1vel. Elas s\u00e3o vers\u00e1teis, podem ser feitas de diferentes materiais e oferecem diversas op\u00e7\u00f5es de acabamentos. Imagine um corredor repleto de hist\u00f3ria e eleg\u00e2ncia? Pois \u00e9, isso \u00e9 bem poss\u00edvel com esse tipo de porta. \u00c9 como se cada painel contasse uma parte da sua hist\u00f3ria.<\/p>\n<h3>6. Dicas para Escolher a Porta Ideal para Seu Corredor Externo<\/h3>\n<p><img loading=\"lazy\" decoding=\"async\" src=\"https:\/\/www.arquitetoalexandresouza.com.br\/blog\/wp-content\/uploads\/2024\/09\/5-Modelos-de-Porta-para-Corredor-Externo-que-Voce-Vai-Amar4.jpg\" alt=\"5 Modelos de Porta para Corredor Externo que Voc\u00ea Vai Amar\" width=\"1024\" height=\"1024\" title=\"\"><\/p>\n<p>Quando se trata de escolher a porta, alguns pontos s\u00e3o cruciais. Primeiro, pense na <b>ilumina\u00e7\u00e3o<\/b>. Uma porta que deixe a luz entrar pode fazer toda a diferen\u00e7a. Depois, o <b>acabamento<\/b> \u00e9 importante para harmonizar com o restante da casa. E, claro, pense na <b>resist\u00eancia<\/b> da porta! N\u00e3o adianta nada escolher uma bonita que n\u00e3o suporte as intemp\u00e9ries, certo?<\/p>\n<h3>7. Cuidados e Manuten\u00e7\u00e3o das Portas Externas<\/h3>\n<p>N\u00e3o adianta ter uma porta linda e deix\u00e1-la de lado! Alguns cuidados s\u00e3o simples e podem fazer a sua porta durar mais. Para as de madeira, um verniz de vez em quando evita que elas estraguem. J\u00e1 as de alum\u00ednio e vidro, um pano \u00famido \u00e9 tudo que precisa. E, ah, sempre fica aquele cheirinho bom que a gente ama!<\/p>\n<h3>8. Tend\u00eancias em Portas para Corredores Externos<\/h3>\n<p>Fique ligado nas tend\u00eancias! Portas com acabamentos em dois tons est\u00e3o super em alta, e mais uma vez os vidros s\u00e3o protagonistas! Al\u00e9m disso, as texturas diferentes est\u00e3o fazendo sucesso e d\u00e3o um ar mais contempor\u00e2neo ao espa\u00e7o. Um toque de ousadia n\u00e3o faz mal a ningu\u00e9m! Afinal, a vida \u00e9 curta demais pra ter portas sem gra\u00e7a.<\/p>\n<h2>Conclus\u00e3o: Escolha a Porta Perfeita para Seu Lar<\/h2>\n<p>Quando se trata de transformar seu corredor externo, a escolha correta da porta pode ser o que falta para fechar a sua casa com chave de ouro. Lembre-se que cada modelo traz suas qualidades, e a ideal para voc\u00ea depender\u00e1 do seu estilo de vida, do clima da sua regi\u00e3o e, claro, do seu gosto pessoal. Ent\u00e3o, escolha com carinho e aproveite para convidar os vizinhos para admirar a nova entrada, porque, convenhamos, quem n\u00e3o aprecia uma porta bonita?<\/p>\n<p>Tanto faz se voc\u00ea optou pela eleg\u00e2ncia do vidro ou a rusticidade da madeira, o importante \u00e9 fazer com que o espa\u00e7o se torne seu <b>ref\u00fagio<\/b> e uma extens\u00e3o da sua personalidade.<\/p>\n<h3>Fique \u00e0 vontade para explorar e encontrar a porta que mais combina com seu jeito de viver!<\/h3>\n<\/h3>\n<\/h3>\n<\/h3>\n<\/h3>\n<\/h3>\n<\/h3>\n<\/h3>\n<\/h3>\n<\/h3>\n<\/h3>\n<\/h3>\n<\/h3>\n","protected":false},"excerpt":{"rendered":"<p>Sabe aquele corredor externo da sua casa que t\u00e1 pedindo um toque especial? Ent\u00e3o, as portas que escolhemos s\u00e3o essenciais para dar aquele charme e funcionalidade no espa\u00e7o. Vamos explorar juntos cinco modelos que n\u00e3o s\u00f3 transformam a entrada da sua resid\u00eancia, mas tamb\u00e9m a deixam mais segura e aconchegante. Pontos principais: Diversidade de op\u00e7\u00f5es [&hellip;]<\/p>\n","protected":false},"author":1,"featured_media":36903,"comment_status":"closed","ping_status":"closed","sticky":false,"template":"","format":"standard","meta":{"footnotes":""},"categories":[4],"tags":[],"_links":{"self":[{"href":"https:\/\/www.arquitetoalexandresouza.com.br\/blog\/wp-json\/wp\/v2\/posts\/38119"}],"collection":[{"href":"https:\/\/www.arquitetoalexandresouza.com.br\/blog\/wp-json\/wp\/v2\/posts"}],"about":[{"href":"https:\/\/www.arquitetoalexandresouza.com.br\/blog\/wp-json\/wp\/v2\/types\/post"}],"author":[{"embeddable":true,"href":"https:\/\/www.arquitetoalexandresouza.com.br\/blog\/wp-json\/wp\/v2\/users\/1"}],"replies":[{"embeddable":true,"href":"https:\/\/www.arquitetoalexandresouza.com.br\/blog\/wp-json\/wp\/v2\/comments?post=38119"}],"version-history":[{"count":0,"href":"https:\/\/www.arquitetoalexandresouza.com.br\/blog\/wp-json\/wp\/v2\/posts\/38119\/revisions"}],"wp:featuredmedia":[{"embeddable":true,"href":"https:\/\/www.arquitetoalexandresouza.com.br\/blog\/wp-json\/wp\/v2\/media\/36903"}],"wp:attachment":[{"href":"https:\/\/www.arquitetoalexandresouza.com.br\/blog\/wp-json\/wp\/v2\/media?parent=38119"}],"wp:term":[{"taxonomy":"category","embeddable":true,"href":"https:\/\/www.arquitetoalexandresouza.com.br\/blog\/wp-json\/wp\/v2\/categories?post=38119"},{"taxonomy":"post_tag","embeddable":true,"href":"https:\/\/www.arquitetoalexandresouza.com.br\/blog\/wp-json\/wp\/v2\/tags?post=38119"}],"curies":[{"name":"wp","href":"https:\/\/api.w.org\/{rel}","templated":true}]}}