{"id":38187,"date":"2024-09-25T14:53:36","date_gmt":"2024-09-25T17:53:36","guid":{"rendered":"https:\/\/www.arquitetoalexandresouza.com.br\/blog\/3-formas-de-personalizar-seu-sofa-de-varanda\/"},"modified":"2024-09-25T14:53:36","modified_gmt":"2024-09-25T17:53:36","slug":"3-formas-de-personalizar-seu-sofa-de-varanda","status":"publish","type":"post","link":"https:\/\/www.arquitetoalexandresouza.com.br\/blog\/3-formas-de-personalizar-seu-sofa-de-varanda\/","title":{"rendered":"3 Formas de Personalizar seu Sof\u00e1 de Varanda"},"content":{"rendered":"<p>Personalizar o sof\u00e1 da varanda pode transformar esse cantinho ao ar livre em um ref\u00fagio maravilhoso. E eu vou te contar como voc\u00ea pode fazer isso com apenas algumas ideias simples e eficazes! Vamos explorar tr\u00eas maneiras de deixar seu sof\u00e1 do jeito que voc\u00ea sempre sonhou e fazer dele o lugar perfeito para relaxar aos finais de semana.<\/p>\n<h3>Pontos principais:<\/h3>\n<p><img loading=\"lazy\" decoding=\"async\" src=\"https:\/\/www.arquitetoalexandresouza.com.br\/blog\/wp-content\/uploads\/2024\/09\/3-Formas-de-Personalizar-seu-Sofa-de-Varanda01.jpg\" alt=\"3 Formas de Personalizar seu Sof\u00e1 de Varanda\" width=\"1024\" height=\"1024\" title=\"\"><\/p>\n<ul>\n<li><b>Escolha de T\u00eaxteis:<\/b> Escolher tecidos resistentes e estampas que refletem sua personalidade \u00e9 essencial.<\/li>\n<li><b>Acess\u00f3rios Decorativos:<\/b> Bancos, cestos e plantas podem adicionar charme e funcionalidade ao seu espa\u00e7o.<\/li>\n<li><b>Ilumina\u00e7\u00e3o e Cores:<\/b> A ilumina\u00e7\u00e3o adequada e a escolha de cores impactam diretamente no conforto e na est\u00e9tica do ambiente.<\/li>\n<\/ul>\n<h3>Transformando o Sof\u00e1 da Varanda<\/h3>\n<p>N\u00e3o tem coisa melhor do que transformar a varanda em um espa\u00e7o que funcione como um abrigo da rotina, n\u00e3o \u00e9 mesmo? Um sof\u00e1 bonito e aconchegante pode ser o cora\u00e7\u00e3o desse espa\u00e7o, e as op\u00e7\u00f5es s\u00e3o muitas! Para come\u00e7ar, n\u00e3o podemos deixar de fora a import\u00e2ncia de escolher <b>t\u00eaxteis que sejam resistentes<\/b> \u00e0s intemp\u00e9ries.<\/p>\n<h3>1. Escolha de T\u00eaxtil: Almofadas e Capas<\/h3>\n<p><img loading=\"lazy\" decoding=\"async\" src=\"https:\/\/www.arquitetoalexandresouza.com.br\/blog\/wp-content\/uploads\/2024\/09\/3-Formas-de-Personalizar-seu-Sofa-de-Varanda02.jpg\" alt=\"3 Formas de Personalizar seu Sof\u00e1 de Varanda\" width=\"1024\" height=\"1024\" title=\"\"><\/p>\n<p>Quando se trata de <b>tecidos<\/b>, ir com lona ou com aquelas op\u00e7\u00f5es espec\u00edficas para uso externo \u00e9 uma jogada de mestre. Essas escolhas n\u00e3o s\u00f3 oferecem durabilidade, como tamb\u00e9m garantem que mesmo o sol e a chuva n\u00e3o v\u00e3o acabar com seu sof\u00e1 de varanda. Ah, mas n\u00e3o se esquece das <b>cores e estampas<\/b> que refletem quem voc\u00ea \u00e9! Escolher padr\u00f5es felizes \u00e9 meio caminho andado para criar o ambiente descontra\u00eddo que a gente quer.<\/p>\n<p>Caminhando pela loja, me deparo com um monte de almofadas coloridas e estampadas. \u00c9 como um arco-\u00edris de possibilidades! A combina\u00e7\u00e3o certa pode trazer uma vibe \u00fanica pro seu espa\u00e7o. E quem n\u00e3o ama um toque de ousadia? Isso sem contar que as almofadas podem transformar o conforto de qualquer sof\u00e1!<\/p>\n<h3>2. Acess\u00f3rios Decorativos: Mesas e Charme<\/h3>\n<p>Outro truque legal \u00e9 incluir <b>acess\u00f3rios decorativos<\/b>. Mesas laterais e cestos n\u00e3o s\u00f3 s\u00e3o pr\u00e1ticos, mas tamb\u00e9m podem adicionar um charme extra. <b>Imagine disfrutar de um caf\u00e9 da manh\u00e3<\/b> caseiro nesse cen\u00e1rio lindo com sua mesa ao lado! E n\u00e3o para por a\u00ed: adicionar plantas n\u00e3o \u00e9 apenas uma quest\u00e3o de est\u00e9tica, mas tamb\u00e9m traz uma conex\u00e3o com a natureza, fazendo voc\u00ea se sentir mais relaxado.<\/p>\n<p>Eu gosto de pensar nas plantas como pequenos defensores do bem-estar. Elas purificam o ar e criam uma atmosfera mais fresca. Se voc\u00ea \u00e9 como eu e tem um dedo verde (mais ou menos, porque j\u00e1 matei algumas plantas!), vai querer escolher variedades que n\u00e3o necessitam de tanta aten\u00e7\u00e3o. Fica a dica!<\/p>\n<h3>3. Ilumina\u00e7\u00e3o: Criando Ambientes Aconchegantes<\/h3>\n<p><img loading=\"lazy\" decoding=\"async\" src=\"https:\/\/www.arquitetoalexandresouza.com.br\/blog\/wp-content\/uploads\/2024\/09\/3-Formas-de-Personalizar-seu-Sofa-de-Varanda03.jpg\" alt=\"3 Formas de Personalizar seu Sof\u00e1 de Varanda\" width=\"1024\" height=\"1024\" title=\"\"><\/p>\n<p>A ilumina\u00e7\u00e3o \u00e9 outro ponto crucial. Vamos ser sinceros, um sof\u00e1 lindo em uma varanda mal iluminada perde todo o seu charme. Olhe ao redor e pergunte-se: que tipo de <b>ilumina\u00e7\u00e3o<\/b> faz voc\u00ea se sentir em casa? Luz suave ao entardecer, talvez? As lumin\u00e1rias podem oferecer um toque de eleg\u00e2ncia e, ao mesmo tempo, criar um ambiente convidativo!<\/p>\n<p>Eu sempre acho que luzes pendentes ou at\u00e9 algumas velas d\u00e3o um ar super charmoso. E quem n\u00e3o gosta de um ambiente que mais parece um abra\u00e7o quentinho? Luz e sombra trabalhando juntas criam a m\u00e1gica de qualquer espa\u00e7o.<\/p>\n<h3>4. Cores e Padr\u00f5es: A Import\u00e2ncia do Estilo<\/h3>\n<p><img loading=\"lazy\" decoding=\"async\" src=\"https:\/\/www.arquitetoalexandresouza.com.br\/blog\/wp-content\/uploads\/2024\/09\/3-Formas-de-Personalizar-seu-Sofa-de-Varanda4.jpg\" alt=\"3 Formas de Personalizar seu Sof\u00e1 de Varanda\" width=\"1024\" height=\"1024\" title=\"\"><\/p>\n<p>Quando se trata de <b>cores e padr\u00f5es<\/b>, n\u00e3o tenha medo de ser ousado! O uso de tons vibrantes pode transformar completamente a energia do ambiente. Uma paleta de cores que combine com suas prefer\u00eancias pessoais torna sua varanda um espa\u00e7o \u00fanico. Voc\u00ea pode, por exemplo, optar por uma base neutra e adicionar toques de cor aqui e ali. \u00c9 como colocar um ponto de exclama\u00e7\u00e3o na sua decora\u00e7\u00e3o!<\/p>\n<h3>5. Plantas: Integrando a Natureza ao Design<\/h3>\n<p>Integrar <b>plantas<\/b> ao design pode ser a cereja do bolo. Escolher plantas que d\u00eaem vida e frescor ao seu sof\u00e1 cria um espa\u00e7o harm\u00f4nico. Fazer uma combina\u00e7\u00e3o de vasos de diferentes alturas d\u00e1 um toque mais interessante, como se a natureza estivesse querendo participar da sua festa!<\/p>\n<h3>6. Materiais: Sof\u00e1s Resistentes e Elegantes<\/h3>\n<p>N\u00e3o queremos que nosso sof\u00e1 pare\u00e7a um m\u00e1rmore trincado, certo? Por isso, escolher <b>materiais que sejam resistentes<\/b>, mas que tamb\u00e9m estejam na moda, \u00e9 uma roubada boa! Who doesn\u2019t love um sof\u00e1 bonito que n\u00e3o vai desmoronar na primeira chuva?<\/p>\n<h3>7. Espa\u00e7o: Aproveitando o Layout da Varanda<\/h3>\n<p>Utilizar o espa\u00e7o da melhor maneira \u00e9 a chave. Pense na <b>distribui\u00e7\u00e3o do layout<\/b> para maximizar a funcionalidade e o conforto. \u00c0s vezes, a gente acha que precisa espremer tudo, mas o que mais importa \u00e9 a fluidez do espa\u00e7o. Um sof\u00e1 posicionado corretamente pode fazer toda a diferen\u00e7a! N\u00e3o tenha medo de deixar a varanda respirar.<\/p>\n<h3>8. Manuten\u00e7\u00e3o: Cuidados para Durabilidade<\/h3>\n<p>Por \u00faltimo, mas n\u00e3o menos importante, \u00e9 a manuten\u00e7\u00e3o. Aos cuidados que garantem <b>durabilidade<\/b>. Um pouco de limpeza vai longe! \u00c9 s\u00f3 dar uma olhadinha regularmente e, pronto, seu sof\u00e1 vai estar sempre bonito como novo. E quem n\u00e3o quer isso? <\/p>\n<h3>Conclus\u00e3o: Personalize e Aproveite sua Varanda<\/h3>\n<p>Personalizar o sof\u00e1 da sua varanda \u00e9 muito mais do que apenas estofados; \u00e9 sobre criar um espa\u00e7o que realmente reflita quem voc\u00ea \u00e9. Ao escolher os tecidos certos, adicionar almofadas divertidas e pensar na ilumina\u00e7\u00e3o, voc\u00ea garante que toda visita e cada momento sejam especiais. Ah, e n\u00e3o esque\u00e7a: uma varanda bem decorada \u00e9 como um convite para relaxar e aproveitar a vida.<\/p>\n<p>Ent\u00e3o, o que voc\u00ea est\u00e1 esperando? V\u00e1 l\u00e1 e transforme sua varanda no ref\u00fagio dos sonhos!<\/p>\n<\/h3>\n<\/h3>\n<\/h3>\n<\/h3>\n<\/h3>\n<\/h3>\n<\/h3>\n<\/h3>\n<\/h3>\n<\/h3>\n","protected":false},"excerpt":{"rendered":"<p>Personalizar o sof\u00e1 da varanda pode transformar esse cantinho ao ar livre em um ref\u00fagio maravilhoso. E eu vou te contar como voc\u00ea pode fazer isso com apenas algumas ideias simples e eficazes! Vamos explorar tr\u00eas maneiras de deixar seu sof\u00e1 do jeito que voc\u00ea sempre sonhou e fazer dele o lugar perfeito para relaxar [&hellip;]<\/p>\n","protected":false},"author":1,"featured_media":38183,"comment_status":"closed","ping_status":"closed","sticky":false,"template":"","format":"standard","meta":{"footnotes":""},"categories":[4],"tags":[],"_links":{"self":[{"href":"https:\/\/www.arquitetoalexandresouza.com.br\/blog\/wp-json\/wp\/v2\/posts\/38187"}],"collection":[{"href":"https:\/\/www.arquitetoalexandresouza.com.br\/blog\/wp-json\/wp\/v2\/posts"}],"about":[{"href":"https:\/\/www.arquitetoalexandresouza.com.br\/blog\/wp-json\/wp\/v2\/types\/post"}],"author":[{"embeddable":true,"href":"https:\/\/www.arquitetoalexandresouza.com.br\/blog\/wp-json\/wp\/v2\/users\/1"}],"replies":[{"embeddable":true,"href":"https:\/\/www.arquitetoalexandresouza.com.br\/blog\/wp-json\/wp\/v2\/comments?post=38187"}],"version-history":[{"count":0,"href":"https:\/\/www.arquitetoalexandresouza.com.br\/blog\/wp-json\/wp\/v2\/posts\/38187\/revisions"}],"wp:featuredmedia":[{"embeddable":true,"href":"https:\/\/www.arquitetoalexandresouza.com.br\/blog\/wp-json\/wp\/v2\/media\/38183"}],"wp:attachment":[{"href":"https:\/\/www.arquitetoalexandresouza.com.br\/blog\/wp-json\/wp\/v2\/media?parent=38187"}],"wp:term":[{"taxonomy":"category","embeddable":true,"href":"https:\/\/www.arquitetoalexandresouza.com.br\/blog\/wp-json\/wp\/v2\/categories?post=38187"},{"taxonomy":"post_tag","embeddable":true,"href":"https:\/\/www.arquitetoalexandresouza.com.br\/blog\/wp-json\/wp\/v2\/tags?post=38187"}],"curies":[{"name":"wp","href":"https:\/\/api.w.org\/{rel}","templated":true}]}}