{"id":38225,"date":"2024-09-26T20:52:47","date_gmt":"2024-09-26T23:52:47","guid":{"rendered":"https:\/\/www.arquitetoalexandresouza.com.br\/blog\/moveis-planejados-5-dicas-essenciais-para-ambientes-compactos\/"},"modified":"2024-09-26T20:52:47","modified_gmt":"2024-09-26T23:52:47","slug":"moveis-planejados-5-dicas-essenciais-para-ambientes-compactos","status":"publish","type":"post","link":"https:\/\/www.arquitetoalexandresouza.com.br\/blog\/moveis-planejados-5-dicas-essenciais-para-ambientes-compactos\/","title":{"rendered":"M\u00f3veis Planejados: 5 Dicas Essenciais para Ambientes Compactos"},"content":{"rendered":"<p>Se voc\u00ea vive em um espa\u00e7o pequeno e sonha em torn\u00e1-lo mais funcional e estiloso, voc\u00ea est\u00e1 no lugar certo! Sou Alexandre, arquiteto, e decidi compartilhar algumas dicas valiosas sobre como otimizar esses ambientes. Vamos juntos transformar sua casa em um lar aconchegante!<\/p>\n<h3>Pontos principais:<\/h3>\n<p><img loading=\"lazy\" decoding=\"async\" src=\"https:\/\/www.arquitetoalexandresouza.com.br\/blog\/wp-content\/uploads\/2024\/09\/Moveis-Planejados-5-Dicas-Essenciais-para-Ambientes-Compactos01.jpg\" alt=\"M\u00f3veis Planejados: 5 Dicas Essenciais para Ambientes Compactos\" width=\"1024\" height=\"1024\" title=\"\"><\/p>\n<ul>\n<li><b>Aproveitar o Espa\u00e7o Vertical:<\/b> M\u00f3veis altos s\u00e3o \u00f3timos para maximizar armazenamento.<\/li>\n<li><b>M\u00f3veis Multifuncionais:<\/b> Opte por pe\u00e7as que desempenham v\u00e1rias fun\u00e7\u00f5es.<\/li>\n<li><b>Cores Claras e Integra\u00e7\u00e3o:<\/b> Utilize cores suaves e m\u00f3veis que conectam os espa\u00e7os para ampliar visualmente os ambientes.<\/li>\n<\/ul>\n<h3>O poder dos M\u00f3veis Planejados<\/h3>\n<p>Olhem, gente, quando se trata de aproveitar espa\u00e7os pequenos, os <b>m\u00f3veis planejados<\/b> entram como super-her\u00f3is, prontos pra salvar o dia! Eles n\u00e3o s\u00f3 otimizam metros quadrados, mas tamb\u00e9m trazem um toque de estilo e eleg\u00e2ncia. \u00c9 como se um designer de interiores invadisse sua casa, mas sem a fatura alta no final do m\u00eas. Com um planejamento adequado, cada cantinho pode ser aproveitado, como uma vela acesa em uma noite de tempestade.<\/p>\n<h3>Dica 1: Avalie o Espa\u00e7o Dispon\u00edvel<\/h3>\n<p><img loading=\"lazy\" decoding=\"async\" src=\"https:\/\/www.arquitetoalexandresouza.com.br\/blog\/wp-content\/uploads\/2024\/09\/Moveis-Planejados-5-Dicas-Essenciais-para-Ambientes-Compactos02.jpg\" alt=\"M\u00f3veis Planejados: 5 Dicas Essenciais para Ambientes Compactos\" width=\"1024\" height=\"1024\" title=\"\"><\/p>\n<p>Quando voc\u00ea planeja um ambiente pequeno, o primeiro passo \u00e9 fazer uma investiga\u00e7\u00e3o de campo. Pegue uma fita m\u00e9trica e me\u00e7a tudo! <b>Fazer uma boa avalia\u00e7\u00e3o do espa\u00e7o dispon\u00edvel<\/b> \u00e9 crucial. \u00c0s vezes, voc\u00ea pode estar ignorando um cantinho que poderia ser um espa\u00e7o de armazenamento valioso!<\/p>\n<h3>Dica 2: Escolha M\u00f3veis Multifuncionais<\/h3>\n<p>J\u00e1 pensou em ter um sof\u00e1 que se transforma em cama? Ou uma mesa de jantar que se vira em mesa de trabalho? Essas s\u00e3o as coisas que fazem o cora\u00e7\u00e3o de um arquiteto bater mais r\u00e1pido! M\u00f3veis multifuncionais s\u00e3o como a caneta que pode escrever, desenhar e at\u00e9 fazer alguns malabarismos se deixar. Em ambientes pequenos, <b>tornar o m\u00f3vel funcional \u00e9 essencial!<\/b><\/p>\n<h3>Dica 3: Aposte em Cores Claras<\/h3>\n<p><img loading=\"lazy\" decoding=\"async\" src=\"https:\/\/www.arquitetoalexandresouza.com.br\/blog\/wp-content\/uploads\/2024\/09\/Moveis-Planejados-5-Dicas-Essenciais-para-Ambientes-Compactos03.jpg\" alt=\"M\u00f3veis Planejados: 5 Dicas Essenciais para Ambientes Compactos\" width=\"1024\" height=\"1024\" title=\"\"><\/p>\n<p>Quando se trata de cores, menos \u00e9 mais. Usar tons claros pode mudar completamente a percep\u00e7\u00e3o do seu espa\u00e7o. Pense em um c\u00e9u azul numa manh\u00e3 ensolarada. Cores suaves como <b>branco, bege e azul claro<\/b> ampliam a sensa\u00e7\u00e3o de espa\u00e7o e ilumina\u00e7\u00e3o. Fugir das cores escuras, que podem dar a impress\u00e3o de claustrofobia, \u00e9 a chave para um lar acolhedor.<\/p>\n<h3>Dica 4: Planeje a Ilumina\u00e7\u00e3o Adequada<\/h3>\n<p><img loading=\"lazy\" decoding=\"async\" src=\"https:\/\/www.arquitetoalexandresouza.com.br\/blog\/wp-content\/uploads\/2024\/09\/Moveis-Planejados-5-Dicas-Essenciais-para-Ambientes-Compactos4.jpg\" alt=\"M\u00f3veis Planejados: 5 Dicas Essenciais para Ambientes Compactos\" width=\"1024\" height=\"1024\" title=\"\"><\/p>\n<p>A ilumina\u00e7\u00e3o \u00e9 como o tempero da sua casa. Uma boa luz pode fazer seu espa\u00e7o pequeno parecer um grande espet\u00e1culo! Invista em lumin\u00e1rias que refletem luz e criam pontos de destaque. Uma luz bem planejada pode fazer o ambiente parecer mais convidativo e, claro, <b>iluminar os pequenos e m\u00e1gicos detalhes<\/b> que voc\u00ea escolheu com tanto carinho.<\/p>\n<h3>Dica 5: Use Espelhos para Ampliar a Sensa\u00e7\u00e3o de Espa\u00e7o<\/h3>\n<p>Apostar em espelhos \u00e9 como ter um irm\u00e3o g\u00eameo. Eles duplicam tudo que \u00e9 bonito! Ao usar espelhos na decora\u00e7\u00e3o, voc\u00ea cria profundidade e um efeito de amplitude impressionante. Posicione um espelho grande em uma parede estrat\u00e9gica, e o espa\u00e7o parecer\u00e1 se expandir. Al\u00e9m disso, <b>\u00e9 uma \u00f3tima desculpa para se olhar no reflexo e admirar seu pr\u00f3prio gosto!<\/b><\/p>\n<h3>Benef\u00edcios dos M\u00f3veis Planejados<\/h3>\n<p>Os m\u00f3veis planejados t\u00eam um charme todo especial. Eles permitem que voc\u00ea personalize cada pe\u00e7a, garantindo que tudo se encaixe perfeitamente no seu espa\u00e7o. Isso n\u00e3o s\u00f3 ajuda na est\u00e9tica, mas tamb\u00e9m na funcionalidade. Imagine um arm\u00e1rio que se encaixa perfeitamente no v\u00e3o entre a parede e o teto. Lind\u00edssimo, certo? E mais, <b>s\u00e3o feitos para durar!<\/b><\/p>\n<h3>Erros Comuns a Evitar<\/h3>\n<p>Ah, os erros de decora\u00e7\u00e3o, nem me fale! Um dos mais comuns \u00e9 subestimar a import\u00e2ncia do planejamento. Comprar m\u00f3veis que n\u00e3o se encaixam pode transformar um sonho em um pesadelo. Outro erro \u00e9 ignorar o armazenamento. Se n\u00e3o houver um lugar para tudo, o caos reinar\u00e1! Portanto, <b>invista tempo no planejamento<\/b> para evitar dor de cabe\u00e7a no futuro.<\/p>\n<h3>Quando Contratar um Profissional<\/h3>\n<p>Se voc\u00ea est\u00e1 se sentindo perdido, n\u00e3o hesite em chamar um arquiteto! S\u00e3o profissionais que entendem do babado e podem transformar seu espa\u00e7o de forma m\u00e1gica. Quando as coisas ficam complicadas, como um quebra-cabe\u00e7a sem a pe\u00e7a final, um especialista pode ajudar a ajustar o plano e encontrar solu\u00e7\u00f5es \u00fanicas, personalizadas e pr\u00e1ticas. Al\u00e9m disso, eles t\u00eam acesso \u00e0s melhores tend\u00eancias do mercado.<\/p>\n<h3>Conclus\u00e3o: Transforme Seu Ambiente Compacto em um Espa\u00e7o Funcional<\/h3>\n<p>Ent\u00e3o \u00e9 isso, pessoal! Aprender a otimizar espa\u00e7os pequenos n\u00e3o precisa ser uma miss\u00e3o imposs\u00edvel. Com as <b>5 dicas<\/b> que compartilhei, voc\u00ea pode usar m\u00f3veis planejados para criar um ambiente aconchegante e funcional. Lembre-se de aproveitar cada cantinho, escolher m\u00f3veis multifuncionais e gastar um tempinho pensando na ilumina\u00e7\u00e3o. Afinal, sua casa deve ser um reflexo de quem voc\u00ea \u00e9! Agora me digam: que transforma\u00e7\u00e3o voc\u00ea vai fazer? Estou ansioso pra saber!<\/p>\n<p><\/body><\/h3>\n<\/h3>\n<\/h3>\n<\/h3>\n<\/h3>\n<\/h3>\n<\/h3>\n<\/h3>\n<\/h3>\n<\/h3>\n","protected":false},"excerpt":{"rendered":"<p>Se voc\u00ea vive em um espa\u00e7o pequeno e sonha em torn\u00e1-lo mais funcional e estiloso, voc\u00ea est\u00e1 no lugar certo! Sou Alexandre, arquiteto, e decidi compartilhar algumas dicas valiosas sobre como otimizar esses ambientes. Vamos juntos transformar sua casa em um lar aconchegante! Pontos principais: Aproveitar o Espa\u00e7o Vertical: M\u00f3veis altos s\u00e3o \u00f3timos para maximizar [&hellip;]<\/p>\n","protected":false},"author":1,"featured_media":36371,"comment_status":"closed","ping_status":"closed","sticky":false,"template":"","format":"standard","meta":{"footnotes":""},"categories":[4],"tags":[],"_links":{"self":[{"href":"https:\/\/www.arquitetoalexandresouza.com.br\/blog\/wp-json\/wp\/v2\/posts\/38225"}],"collection":[{"href":"https:\/\/www.arquitetoalexandresouza.com.br\/blog\/wp-json\/wp\/v2\/posts"}],"about":[{"href":"https:\/\/www.arquitetoalexandresouza.com.br\/blog\/wp-json\/wp\/v2\/types\/post"}],"author":[{"embeddable":true,"href":"https:\/\/www.arquitetoalexandresouza.com.br\/blog\/wp-json\/wp\/v2\/users\/1"}],"replies":[{"embeddable":true,"href":"https:\/\/www.arquitetoalexandresouza.com.br\/blog\/wp-json\/wp\/v2\/comments?post=38225"}],"version-history":[{"count":0,"href":"https:\/\/www.arquitetoalexandresouza.com.br\/blog\/wp-json\/wp\/v2\/posts\/38225\/revisions"}],"wp:featuredmedia":[{"embeddable":true,"href":"https:\/\/www.arquitetoalexandresouza.com.br\/blog\/wp-json\/wp\/v2\/media\/36371"}],"wp:attachment":[{"href":"https:\/\/www.arquitetoalexandresouza.com.br\/blog\/wp-json\/wp\/v2\/media?parent=38225"}],"wp:term":[{"taxonomy":"category","embeddable":true,"href":"https:\/\/www.arquitetoalexandresouza.com.br\/blog\/wp-json\/wp\/v2\/categories?post=38225"},{"taxonomy":"post_tag","embeddable":true,"href":"https:\/\/www.arquitetoalexandresouza.com.br\/blog\/wp-json\/wp\/v2\/tags?post=38225"}],"curies":[{"name":"wp","href":"https:\/\/api.w.org\/{rel}","templated":true}]}}