{"id":38230,"date":"2024-09-27T02:52:26","date_gmt":"2024-09-27T05:52:26","guid":{"rendered":"https:\/\/www.arquitetoalexandresouza.com.br\/blog\/ambientes-multifuncionais-5-dicas-para-otimizar-espacos-pequenos\/"},"modified":"2024-09-27T02:52:26","modified_gmt":"2024-09-27T05:52:26","slug":"ambientes-multifuncionais-5-dicas-para-otimizar-espacos-pequenos","status":"publish","type":"post","link":"https:\/\/www.arquitetoalexandresouza.com.br\/blog\/ambientes-multifuncionais-5-dicas-para-otimizar-espacos-pequenos\/","title":{"rendered":"Ambientes Multifuncionais: 5 Dicas para Otimizar Espa\u00e7os Pequenos"},"content":{"rendered":"<p>Ambientes multifuncionais s\u00e3o um verdadeiro achado para quem vive em espa\u00e7os pequenos. Com algumas dicas pr\u00e1ticas, voc\u00ea pode transformar seu lar em um lugar funcional e super aconchegante, mesmo que cada metro quadrado conte!<\/p>\n<h3>Pontos principais:<\/h3>\n<p><img loading=\"lazy\" decoding=\"async\" src=\"https:\/\/www.arquitetoalexandresouza.com.br\/blog\/wp-content\/uploads\/2024\/09\/Ambientes-Multifuncionais-5-Dicas-para-Otimizar-Espacos-Pequenos01.jpg\" alt=\"Ambientes Multifuncionais: 5 Dicas para Otimizar Espa\u00e7os Pequenos\" width=\"1024\" height=\"1024\" style=\"display:none\" title=\"\"><\/p>\n<ul>\n<li><b>M\u00f3veis Multifuncionais:<\/b> Opte por pe\u00e7as que tragam versatilidade, como sof\u00e1s-camas e mesas dobr\u00e1veis, para otimizar cada pedacinho do seu lar.<\/li>\n<li><b>Armazenamento Inteligente:<\/b> Aposte em prateleiras e solu\u00e7\u00f5es verticais para liberar espa\u00e7o e manter tudo organizado.<\/li>\n<li><b>Ilumina\u00e7\u00e3o e Cores Claras:<\/b> Use ilumina\u00e7\u00e3o estrat\u00e9gica e escolha tons suaves para criar uma sensa\u00e7\u00e3o de amplitude e leveza.<\/li>\n<\/ul>\n<h3>Transformando Espa\u00e7os em Ambientes Multifuncionais<\/h3>\n<p>Ol\u00e1, me chamo Alexandre, e sou arquiteto. Minha jornada nos \u00faltimos 15 anos tem sido cheia de desafios e alegrias ao ajudar as pessoas a criarem lares incr\u00edveis, mesmo em lugares pequenos. Vivemos em um mundo onde os apartamentos muitas vezes parecem mais caixas de sapato do que lares, n\u00e9?<\/p>\n<h3>Planejamento Inteligente do Espa\u00e7o<\/h3>\n<p><img loading=\"lazy\" decoding=\"async\" src=\"https:\/\/www.arquitetoalexandresouza.com.br\/blog\/wp-content\/uploads\/2024\/09\/Ambientes-Multifuncionais-5-Dicas-para-Otimizar-Espacos-Pequenos02.jpg\" alt=\"Ambientes Multifuncionais: 5 Dicas para Otimizar Espa\u00e7os Pequenos\" width=\"1024\" height=\"1024\" title=\"\"><\/p>\n<p>O <b>planejamento<\/b> \u00e9 a alma do neg\u00f3cio. Cada espa\u00e7o, n\u00e3o importa qu\u00e3o pequeno, pode ter uma nova vida com o <b>layout correto<\/b>. Primeiro, fa\u00e7a um esbo\u00e7o. Imagine como voc\u00ea realmente usa cada ambiente. Isso pode fazer toda a diferen\u00e7a!<\/p>\n<h3>M\u00f3veis Multifuncionais: Versatilidade em Alta<\/h3>\n<p>Aposte em m\u00f3veis que fa\u00e7am mais do que apenas ocupar espa\u00e7o. <b>Mesas dobr\u00e1veis, sof\u00e1s-camas e camas com gavetas<\/b> s\u00e3o \u00f3timas op\u00e7\u00f5es. Eles ajudam a economizar tanto espa\u00e7o que voc\u00ea vai se perguntar como viveu sem eles. E mais, com um design bacana, eles d\u00e3o um charme extra ao ambiente. Afinal, quem n\u00e3o gosta de um m\u00f3vel que brilha tanto quanto a estrela do show?<\/p>\n<h3>Uso de Espelhos para Ampliar o Ambiente<\/h3>\n<p><img loading=\"lazy\" decoding=\"async\" src=\"https:\/\/www.arquitetoalexandresouza.com.br\/blog\/wp-content\/uploads\/2024\/09\/Ambientes-Multifuncionais-5-Dicas-para-Otimizar-Espacos-Pequenos03.jpg\" alt=\"Ambientes Multifuncionais: 5 Dicas para Otimizar Espa\u00e7os Pequenos\" width=\"1024\" height=\"1024\" title=\"\"><\/p>\n<p>Sabia que os espelhos s\u00e3o como ilusionistas decentes? Eles podem fazer o espa\u00e7o parecer muito maior do que realmente \u00e9. Coloque um grande espelho em uma parede oposta \u00e0 janela, e voc\u00ea vai ver sua sala ganhar vida. E quem sabe, at\u00e9 dar uma sensa\u00e7\u00e3o de \u201ceste lugar \u00e9 um est\u00fadio de cinema!\u201d?<\/p>\n<h3>Organiza\u00e7\u00e3o Vertical: Aproveitando as Paredes<\/h3>\n<p><img loading=\"lazy\" decoding=\"async\" src=\"https:\/\/www.arquitetoalexandresouza.com.br\/blog\/wp-content\/uploads\/2024\/09\/Ambientes-Multifuncionais-5-Dicas-para-Otimizar-Espacos-Pequenos4.jpg\" alt=\"Ambientes Multifuncionais: 5 Dicas para Otimizar Espa\u00e7os Pequenos\" width=\"1024\" height=\"1024\" title=\"\"><\/p>\n<p>Quando o espa\u00e7o \u00e9 limitado, <b>organiza\u00e7\u00e3o vertical<\/b> \u00e9 o nome do jogo. Prateleiras altas e nichos na parede n\u00e3o s\u00f3 liberam o ch\u00e3o, mas tamb\u00e9m ajudam a exibir aqueles objetos de decora\u00e7\u00e3o que voc\u00ea ama, como uma verdadeira galeria de arte! Assim, uma parede vazia se transforma em um recanto cheio de hist\u00f3rias. Olha, \u00e9 quase po\u00e9tico!<\/p>\n<h3>Ilumina\u00e7\u00e3o: A Magia que Transforma<\/h3>\n<p>Ah, a <b>ilumina\u00e7\u00e3o<\/b>! Ela \u00e9 quase como o tempero em uma receita: um pouquinho pode fazer toda a diferen\u00e7a. Varie as fontes de luz: invista em lumin\u00e1rias de mesa e abajures para dar profundidade ao ambiente. E lembre-se de abrir as cortinas durante o dia, porque a luz do sol \u00e9 o melhor aliado! N\u00e3o tem nada como um ambiente bem iluminado para levantar o esp\u00edrito, n\u00e3o \u00e9 mesmo?<\/p>\n<h3>Cores e Decora\u00e7\u00e3o que Amplificam o Espa\u00e7o<\/h3>\n<p>Escolher a <b>paleta de cores<\/b> \u00e9 crucial. Tons claros e texturas suaves ajudam a refletir a luz e expandem a sensa\u00e7\u00e3o do espa\u00e7o. Mas claro, n\u00e3o precisa ser tudo branqu\u00edssimo! Um toque de cor aqui e ali faz maravilhas. Imagine um sof\u00e1 azul vibrante contrastando com paredes brancas. \u00c9 um doce visual, que tal?<\/p>\n<h3>Integra\u00e7\u00e3o de Ambientes: Criando um Fluxo Harmonioso<\/h3>\n<p>Outro ponto importante \u00e9 como os ambientes se conectam. Ambientes integrados criam fluidez e tornam o espa\u00e7o muito mais convidativo. Pensa numa sala e cozinha abertas: voc\u00ea pode cozinhar enquanto conversa com os amigos. \u00c9 praticamente um programa de culin\u00e1ria ao vivo, s\u00f3 que muito mais divertido!<\/p>\n<h3>Armazenamento Criativo: Solu\u00e7\u00f5es que Salvam Espa\u00e7o<\/h3>\n<p>Quem n\u00e3o ama uma boa solu\u00e7\u00e3o de armazenamento? Ba\u00fas que tamb\u00e9m s\u00e3o bancos, mesas que abrem e guardam coisas dentro ou at\u00e9 espa\u00e7os sob a cama&#8230; aproveite tudo que puder para organizar suas bagun\u00e7as. Afinal, uma casa arrumada \u00e9 como um sorriso: deixa tudo mais bonito!<\/p>\n<h3>Conclus\u00e3o: Transformando Seu Espa\u00e7o em um Local Multifuncional<\/h3>\n<p>Se voc\u00ea me perguntar, este tipo de projeto \u00e9 mais do que apenas decorar; \u00e9 <b>transformar<\/b> a forma como vivemos. Ao aplicar essas dicas, voc\u00ea n\u00e3o s\u00f3 otimiza seu espa\u00e7o, mas tamb\u00e9m cria um lar que realmente reflete sua personalidade. Lembre-se: aproveite cada cent\u00edmetro, coloque um pouco de amor em cada detalhe, e a m\u00e1gica acontece. Agora, m\u00e3os \u00e0 obra, porque seu novo espa\u00e7o est\u00e1 te esperando!<\/p>\n<p><\/body><\/h3>\n<\/h3>\n<\/h3>\n<\/h3>\n<\/h3>\n<\/h3>\n<\/h3>\n<\/h3>\n<\/h3>\n<\/h3>\n","protected":false},"excerpt":{"rendered":"<p>Ambientes multifuncionais s\u00e3o um verdadeiro achado para quem vive em espa\u00e7os pequenos. Com algumas dicas pr\u00e1ticas, voc\u00ea pode transformar seu lar em um lugar funcional e super aconchegante, mesmo que cada metro quadrado conte! Pontos principais: M\u00f3veis Multifuncionais: Opte por pe\u00e7as que tragam versatilidade, como sof\u00e1s-camas e mesas dobr\u00e1veis, para otimizar cada pedacinho do seu [&hellip;]<\/p>\n","protected":false},"author":1,"featured_media":36313,"comment_status":"closed","ping_status":"closed","sticky":false,"template":"","format":"standard","meta":{"footnotes":""},"categories":[4],"tags":[],"_links":{"self":[{"href":"https:\/\/www.arquitetoalexandresouza.com.br\/blog\/wp-json\/wp\/v2\/posts\/38230"}],"collection":[{"href":"https:\/\/www.arquitetoalexandresouza.com.br\/blog\/wp-json\/wp\/v2\/posts"}],"about":[{"href":"https:\/\/www.arquitetoalexandresouza.com.br\/blog\/wp-json\/wp\/v2\/types\/post"}],"author":[{"embeddable":true,"href":"https:\/\/www.arquitetoalexandresouza.com.br\/blog\/wp-json\/wp\/v2\/users\/1"}],"replies":[{"embeddable":true,"href":"https:\/\/www.arquitetoalexandresouza.com.br\/blog\/wp-json\/wp\/v2\/comments?post=38230"}],"version-history":[{"count":0,"href":"https:\/\/www.arquitetoalexandresouza.com.br\/blog\/wp-json\/wp\/v2\/posts\/38230\/revisions"}],"wp:featuredmedia":[{"embeddable":true,"href":"https:\/\/www.arquitetoalexandresouza.com.br\/blog\/wp-json\/wp\/v2\/media\/36313"}],"wp:attachment":[{"href":"https:\/\/www.arquitetoalexandresouza.com.br\/blog\/wp-json\/wp\/v2\/media?parent=38230"}],"wp:term":[{"taxonomy":"category","embeddable":true,"href":"https:\/\/www.arquitetoalexandresouza.com.br\/blog\/wp-json\/wp\/v2\/categories?post=38230"},{"taxonomy":"post_tag","embeddable":true,"href":"https:\/\/www.arquitetoalexandresouza.com.br\/blog\/wp-json\/wp\/v2\/tags?post=38230"}],"curies":[{"name":"wp","href":"https:\/\/api.w.org\/{rel}","templated":true}]}}