{"id":38235,"date":"2024-09-27T08:52:26","date_gmt":"2024-09-27T11:52:26","guid":{"rendered":"https:\/\/www.arquitetoalexandresouza.com.br\/blog\/5-solucoes-praticas-para-sofas-de-varanda-compactos-2\/"},"modified":"2024-09-27T08:52:26","modified_gmt":"2024-09-27T11:52:26","slug":"5-solucoes-praticas-para-sofas-de-varanda-compactos-2","status":"publish","type":"post","link":"https:\/\/www.arquitetoalexandresouza.com.br\/blog\/5-solucoes-praticas-para-sofas-de-varanda-compactos-2\/","title":{"rendered":"5 Solu\u00e7\u00f5es Pr\u00e1ticas para Sof\u00e1s de Varanda Compactos"},"content":{"rendered":"<p><body><\/p>\n<p>Ol\u00e1! Se voc\u00ea est\u00e1 se perguntando como otimizar o espa\u00e7o da sua varanda e ainda manter tudo confort\u00e1vel e estiloso, voc\u00ea veio ao lugar certo. Vamos explorar algumas solu\u00e7\u00f5es pr\u00e1ticas que dar\u00e3o nova vida ao seu pequeno ref\u00fagio ao ar livre.<\/p>\n<h2>Pontos principais:<\/h2>\n<ul>\n<li><b>Sof\u00e1s Multifuncionais<\/b>: Op\u00e7\u00f5es como sof\u00e1s com armazenamento embutido ou mesas que se transformam s\u00e3o ideais para varandas pequenas.<\/li>\n<li><b>Organiza\u00e7\u00e3o Inteligente<\/b>: Aproveitar cada cantinho com solu\u00e7\u00f5es de armazenamento pode fazer maravilhas pela sua varanda.<\/li>\n<li><b>Cores e Texturas<\/b>: Usar tons claros e texturas leves pode ajudar a criar uma sensa\u00e7\u00e3o de amplitude no espa\u00e7o.<\/li>\n<\/ul>\n<h2>Criando Ambientes Acolhedores em Varandas Compactas<\/h2>\n<p>Sabe, eu me lembro da primeira vez que entrei em uma varanda min\u00fascula e pensei: \u201cAqui n\u00e3o d\u00e1 pra fazer nada, n\u00e9?\u201d Mas ao longo dos anos, eu descobri que at\u00e9 os espa\u00e7os mais apertados podem se transformar em verdadeiros o\u00e1sis de conforto e estilo. E hoje, quero compartilhar <b>cinco solu\u00e7\u00f5es pr\u00e1ticas<\/b> que v\u00e3o te ajudar nessa tarefa!<\/p>\n<h3>1. Sof\u00e1s Multifuncionais: Maximizando o Espa\u00e7o<\/h3>\n<p><img loading=\"lazy\" decoding=\"async\" src=\"https:\/\/www.arquitetoalexandresouza.com.br\/blog\/wp-content\/uploads\/2024\/09\/5-Solucoes-Praticas-para-Sofas-de-Varanda-Compactos01.jpg\" alt=\"5 Solu\u00e7\u00f5es Pr\u00e1ticas para Sof\u00e1s de Varanda Compactos\" width=\"1024\" height=\"1024\" style=\"display:none\" title=\"\"><\/p>\n<p>A pedra fundamental de qualquer varanda \u00e9, sem d\u00favida, o <b>sof\u00e1<\/b>. Quando escolho sof\u00e1s para varandas compactas, eu sempre procuro aqueles com design multifuncional. Por exemplo, j\u00e1 viu um sof\u00e1 que se transforma em mesa? Isso mesmo! Voc\u00ea pode usar o espa\u00e7o para armazenar almofadas ou at\u00e9 mesmo ter um lugar para colocar os petiscos durante uma reuni\u00e3o com amigos. Isso \u00e9 aproveitar o espa\u00e7o com estilo!<\/p>\n<h3>2. Organiza\u00e7\u00e3o Inteligente com Solu\u00e7\u00f5es de Armazenamento<\/h3>\n<p>Agora, vamos falar sobre <b>organiza\u00e7\u00e3o<\/b>. \u00c9 incr\u00edvel como um pequeno banco com armazenamento pode fazer a diferen\u00e7a. \u00c9 como m\u00e1gica: voc\u00ea guarda mantas, almofadas ou alguns brinquedos do cachorro, e tudo fica arrumadinho. Al\u00e9m disso, o espa\u00e7o embaixo do sof\u00e1 pode ser um verdadeiro cofre de descobertas, guardando tudo que voc\u00ea n\u00e3o quer deixar \u00e0 mostra.<\/p>\n<h3>3. Flexibilidade com Sof\u00e1s Modulares<\/h3>\n<p><img loading=\"lazy\" decoding=\"async\" src=\"https:\/\/www.arquitetoalexandresouza.com.br\/blog\/wp-content\/uploads\/2024\/09\/5-Solucoes-Praticas-para-Sofas-de-Varanda-Compactos02.jpg\" alt=\"5 Solu\u00e7\u00f5es Pr\u00e1ticas para Sof\u00e1s de Varanda Compactos\" width=\"1024\" height=\"1024\" title=\"\"><\/p>\n<p>Adoro recomendar <b>sof\u00e1s modulares<\/b> para uma varanda pequena. Eles s\u00e3o como Lego, sabe? Voc\u00ea pode montar e desmontar conforme quiser, adaptando o layout ao dia. Quer receber um grupo de amigos? Arranje tudo em uma configura\u00e7\u00e3o mais ampla. Um jantar rom\u00e2ntico para dois? Ajuste para algo mais \u00edntimo. As possibilidades s\u00e3o infinitas!<\/p>\n<h3>4. Op\u00e7\u00f5es Compactas para Varandas Pequenas<\/h3>\n<p>Ao escolher o sof\u00e1, \u00e9 crucial considerar modelos compactos. Existem v\u00e1rias op\u00e7\u00f5es por a\u00ed, desde sof\u00e1s lineares at\u00e9 aqueles em &#8220;L&#8221;. \u00c9 como escolher um par de sapatos: o ideal \u00e9 que voc\u00ea experimente e veja o que se encaixa melhor! Medir o espa\u00e7o \u00e9 fundamental para evitar surpresas, como comprar um sof\u00e1 que n\u00e3o passa pela porta. Ningu\u00e9m quer ser o empreendimento, n\u00e3o \u00e9 mesmo?<\/p>\n<h3>5. O Poder das Cores e Texturas<\/h3>\n<p><img loading=\"lazy\" decoding=\"async\" src=\"https:\/\/www.arquitetoalexandresouza.com.br\/blog\/wp-content\/uploads\/2024\/09\/5-Solucoes-Praticas-para-Sofas-de-Varanda-Compactos03.jpg\" alt=\"5 Solu\u00e7\u00f5es Pr\u00e1ticas para Sof\u00e1s de Varanda Compactos\" width=\"1024\" height=\"1024\" title=\"\"><\/p>\n<p>Agora, vamos ao charme! As <b>cores e texturas<\/b> fazem toda a diferen\u00e7a. Eu sempre digo que tons claros podem criar a ilus\u00e3o de que o espa\u00e7o \u00e9 maior. As texturas leves ajudam a trazer uma sensa\u00e7\u00e3o de frescor, especialmente se voc\u00ea mora em um lugar quente. Combine tudo isso com uma boa ilumina\u00e7\u00e3o e voc\u00ea tem um ambiente que brilha e \u00e9 acolhedor!<\/p>\n<h2>Conclus\u00e3o<\/h2>\n<p>Agora que voc\u00ea tem essas <b>cinco solu\u00e7\u00f5es pr\u00e1ticas<\/b> em mente, \u00e9 hora de colocar a m\u00e3o na massa e transformar sua varanda compacta em um verdadeiro para\u00edso. Pense fora da caixa, ou melhor, do sof\u00e1, e explore ao m\u00e1ximo as op\u00e7\u00f5es que o mercado oferece. Cada espa\u00e7o \u00e9 \u00fanico e com um pouco de criatividade, sua varanda pode se tornar um lugar onde voc\u00ea vai querer passar horas relaxando. M\u00e3os \u00e0 obra e aproveite ao m\u00e1ximo esse pedacinho especial da sua casa!<\/p>\n<p>    <iframe loading=\"lazy\" title=\"YouTube video player\" src=\"https:\/\/www.youtube.com\/embed\/yl22O8RS6_k\" width=\"560\" height=\"315\" frameborder=\"0\" allowfullscreen=\"allowfullscreen\"><\/iframe><br \/>\n<\/body><\/h3>\n<p><img loading=\"lazy\" decoding=\"async\" src=\"https:\/\/www.arquitetoalexandresouza.com.br\/blog\/wp-content\/uploads\/2024\/09\/5-Solucoes-Praticas-para-Sofas-de-Varanda-Compactos4.jpg\" alt=\"5 Solu\u00e7\u00f5es Pr\u00e1ticas para Sof\u00e1s de Varanda Compactos\" width=\"1024\" height=\"1024\" title=\"\"><br \/>\n<\/h3>\n<\/h3>\n<\/h3>\n<\/h3>\n<\/h3>\n<\/h3>\n<\/h3>\n<\/h3>\n<\/h3>\n<\/h3>\n<\/h3>\n<\/h3>\n<\/h3>\n<\/h3>\n<\/h3>\n","protected":false},"excerpt":{"rendered":"<p>Ol\u00e1! Se voc\u00ea est\u00e1 se perguntando como otimizar o espa\u00e7o da sua varanda e ainda manter tudo confort\u00e1vel e estiloso, voc\u00ea veio ao lugar certo. Vamos explorar algumas solu\u00e7\u00f5es pr\u00e1ticas que dar\u00e3o nova vida ao seu pequeno ref\u00fagio ao ar livre. Pontos principais: Sof\u00e1s Multifuncionais: Op\u00e7\u00f5es como sof\u00e1s com armazenamento embutido ou mesas que se [&hellip;]<\/p>\n","protected":false},"author":1,"featured_media":38231,"comment_status":"closed","ping_status":"closed","sticky":false,"template":"","format":"standard","meta":{"footnotes":""},"categories":[4],"tags":[],"_links":{"self":[{"href":"https:\/\/www.arquitetoalexandresouza.com.br\/blog\/wp-json\/wp\/v2\/posts\/38235"}],"collection":[{"href":"https:\/\/www.arquitetoalexandresouza.com.br\/blog\/wp-json\/wp\/v2\/posts"}],"about":[{"href":"https:\/\/www.arquitetoalexandresouza.com.br\/blog\/wp-json\/wp\/v2\/types\/post"}],"author":[{"embeddable":true,"href":"https:\/\/www.arquitetoalexandresouza.com.br\/blog\/wp-json\/wp\/v2\/users\/1"}],"replies":[{"embeddable":true,"href":"https:\/\/www.arquitetoalexandresouza.com.br\/blog\/wp-json\/wp\/v2\/comments?post=38235"}],"version-history":[{"count":0,"href":"https:\/\/www.arquitetoalexandresouza.com.br\/blog\/wp-json\/wp\/v2\/posts\/38235\/revisions"}],"wp:featuredmedia":[{"embeddable":true,"href":"https:\/\/www.arquitetoalexandresouza.com.br\/blog\/wp-json\/wp\/v2\/media\/38231"}],"wp:attachment":[{"href":"https:\/\/www.arquitetoalexandresouza.com.br\/blog\/wp-json\/wp\/v2\/media?parent=38235"}],"wp:term":[{"taxonomy":"category","embeddable":true,"href":"https:\/\/www.arquitetoalexandresouza.com.br\/blog\/wp-json\/wp\/v2\/categories?post=38235"},{"taxonomy":"post_tag","embeddable":true,"href":"https:\/\/www.arquitetoalexandresouza.com.br\/blog\/wp-json\/wp\/v2\/tags?post=38235"}],"curies":[{"name":"wp","href":"https:\/\/api.w.org\/{rel}","templated":true}]}}