{"id":38248,"date":"2024-09-27T20:52:25","date_gmt":"2024-09-27T23:52:25","guid":{"rendered":"https:\/\/www.arquitetoalexandresouza.com.br\/blog\/7-vantagens-de-escolher-a-cadeira-de-varanda-certa\/"},"modified":"2024-09-27T20:52:25","modified_gmt":"2024-09-27T23:52:25","slug":"7-vantagens-de-escolher-a-cadeira-de-varanda-certa","status":"publish","type":"post","link":"https:\/\/www.arquitetoalexandresouza.com.br\/blog\/7-vantagens-de-escolher-a-cadeira-de-varanda-certa\/","title":{"rendered":"7 Vantagens de Escolher a Cadeira de Varanda Certa"},"content":{"rendered":"<p>Escolher a cadeira de varanda certa pode ser como encontrar a cereja do bolo \u2013 d\u00e1 aquele toque especial que transforma tudo! Se voc\u00ea t\u00e1 pensando em dar uma repaginada na sua \u00e1rea externa, esse artigo vai te ajudar a escolher com sabedoria. Vamos explorar 7 vantagens que mostrar\u00e3o como uma simples cadeira pode melhorar sua vida ao ar livre.<\/p>\n<h3>Pontos principais:<\/h3>\n<p><img loading=\"lazy\" decoding=\"async\" src=\"https:\/\/www.arquitetoalexandresouza.com.br\/blog\/wp-content\/uploads\/2024\/09\/7-Vantagens-de-Escolher-a-Cadeira-de-Varanda-Certa01.jpg\" alt=\"7 Vantagens de Escolher a Cadeira de Varanda Certa\" width=\"1024\" height=\"1024\" title=\"\"><\/p>\n<ul>\n<li><b>Conforto Superior<\/b>: Uma cadeira ideal n\u00e3o \u00e9 apenas um assento, mas um convite ao relaxamento.<\/li>\n<li><b>Durabilidade<\/b>: Materiais resistentes garantem que sua cadeira enfrente sol e chuva sem perder a beleza.<\/li>\n<li><b>Estilo e Est\u00e9tica<\/b>: A escolha certa complementa sua varanda, fazendo dela um espa\u00e7o \u00fanico e convidativo.<\/li>\n<\/ul>\n<h2>Vantagens Essenciais de Escolher a Cadeira de Varanda Ideal<\/h2>\n<h3>Criando um Ref\u00fagio Aconchegante na Sua Varanda<\/h3>\n<p>Amigo, como arquiteto, posso te garantir que a <b>escolha da cadeira certa pode transformar sua varanda em um ref\u00fagio<\/b>. Afinal, quem n\u00e3o ama passar momentos relaxantes ao ar livre, com uma brisa suave e seu drink preferido em m\u00e3os? \u00c9 um sonho, n\u00e3o \u00e9? A cadeira \u00e9 o cora\u00e7\u00e3o desse espa\u00e7o e, sem ela, a varanda \u00e9 s\u00f3 um peda\u00e7o de ch\u00e3o. Ent\u00e3o, escolher bem \u00e9 o primeiro passo para criar aquele cantinho especial.<\/p>\n<h3>Conforto e Bem-Estar ao Alcance das M\u00e3os<\/h3>\n<p><img loading=\"lazy\" decoding=\"async\" src=\"https:\/\/www.arquitetoalexandresouza.com.br\/blog\/wp-content\/uploads\/2024\/09\/7-Vantagens-de-Escolher-a-Cadeira-de-Varanda-Certa02.jpg\" alt=\"7 Vantagens de Escolher a Cadeira de Varanda Certa\" width=\"1024\" height=\"1024\" title=\"\"><\/p>\n<p>Pense comigo: nada melhor do que se afundar em um assento macio ap\u00f3s um dia cansativo. A <b>cadeira ideal<\/b> proporciona aquele conforto como se voc\u00ea estivesse sendo abra\u00e7ado por uma nuvem! J\u00e1 pensou em ter um apoio perfeito para as costas enquanto l\u00ea um livro? O bem-estar nesse momento \u00e9 t\u00e3o crucial quanto um bom caf\u00e9 pela manh\u00e3!<\/p>\n<h3>Integra\u00e7\u00e3o Perfeita com o Estilo da Sua Varanda<\/h3>\n<p>Vamos ser sinceros, gente: uma cadeira que n\u00e3o combina com a decora\u00e7\u00e3o \u00e9 como um peixe fora d\u2019\u00e1gua. <b>Voc\u00ea precisa que ela converse com seu espa\u00e7o<\/b>. Escolher as cores e estilos certos faz da sua varanda um lugar harmonioso. Uma cadeirinha de palha em uma varanda moderna? Pode at\u00e9 dar um charme, mas n\u00e3o \u00e9 l\u00e1 muito pr\u00e1tico. A escolha fica mais gostosa quando se considera o ambiente todo!<\/p>\n<h3>Resist\u00eancia e Durabilidade para Enfrentar Desafios<\/h3>\n<p><img loading=\"lazy\" decoding=\"async\" src=\"https:\/\/www.arquitetoalexandresouza.com.br\/blog\/wp-content\/uploads\/2024\/09\/7-Vantagens-de-Escolher-a-Cadeira-de-Varanda-Certa03.jpg\" alt=\"7 Vantagens de Escolher a Cadeira de Varanda Certa\" width=\"1024\" height=\"1024\" title=\"\"><\/p>\n<p>A varanda t\u00e1 l\u00e1, exposta ao tempo, e a \u00faltima coisa que voc\u00ea quer \u00e9 uma cadeira desmanchando com a primeira chuva. <b>Optar por materiais resistentes<\/b> \u2013 como madeira tratada, metal ou mesmo pl\u00e1stico robusto \u2013 \u00e9 fundamental. A durabilidade d\u00e1 aquele respaldo de que voc\u00ea n\u00e3o vai ter que se preocupar em substituir sua cadeira todo ver\u00e3o, muito menos passar apuros por causa do mau tempo.<\/p>\n<h3>Facilidade de Limpeza e Manuten\u00e7\u00e3o<\/h3>\n<p><img loading=\"lazy\" decoding=\"async\" src=\"https:\/\/www.arquitetoalexandresouza.com.br\/blog\/wp-content\/uploads\/2024\/09\/7-Vantagens-de-Escolher-a-Cadeira-de-Varanda-Certa4.jpg\" alt=\"7 Vantagens de Escolher a Cadeira de Varanda Certa\" width=\"1024\" height=\"1024\" title=\"\"><\/p>\n<p>Se tem uma coisa que ningu\u00e9m gosta \u00e9 de ficar esfregando e limpando o dia todo. A <b>cadeira de varanda certa<\/b> deve ser f\u00e1cil de limpar. Afinal, voc\u00ea quer mais \u00e9 relaxar e n\u00e3o ficar dando um trato nela, n\u00e9? Por conta de op\u00e7\u00f5es feitas com materiais que repelem sujeira ou s\u00e3o lav\u00e1veis, sua varanda pode se manter sempre apresent\u00e1vel, pronta para quando a visita chegar \u2013 ou para uma pausa na rotina.<\/p>\n<h3>Versatilidade e Funcionalidade Aprimorada<\/h3>\n<p>Algumas cadeiras como modelos reclin\u00e1veis ou que t\u00eam suporte para copos podem ser a diferen\u00e7a entre \u201cs\u00f3 sentar\u201d e \u201cfazer uma festa\u201d! A <b>versatilidade traz funcionalidade<\/b> e pode fazer com que sua cadeira seja uma grande aliada na hora do descanso e at\u00e9 mesmo no happy hour. \u00c9 aquele espa\u00e7o de conv\u00edvio que voc\u00ea sempre quis!<\/p>\n<h3>Valoriza\u00e7\u00e3o do Seu Im\u00f3vel<\/h3>\n<p>Um ponto que muitos esquecem \u00e9 que uma varanda que brilha pode agregar valor \u00e0 sua casa. <b>Uma cadeira de qualidade d\u00e1 um up no ambiente<\/b>, tornando-o mais atraente para poss\u00edveis compradores. Investir na cadeira certa \u00e9 como usar uma gravata nova para uma entrevista \u2013 pode fazer toda a diferen\u00e7a! N\u00e3o subestime o poder dela na hora de valorizar seu patrim\u00f4nio.<\/p>\n<h2>Conclus\u00e3o<\/h2>\n<p>Em resumo, escolher a <b>cadeira de varanda ideal<\/b> n\u00e3o se trata apenas de um capricho, e sim de criar um espa\u00e7o aconchegante, bonito e que realmente valorize sua casa. Lembre-se, ao investir na cadeira certa, voc\u00ea t\u00e1 n\u00e3o s\u00f3 complementando sua decora\u00e7\u00e3o, mas tamb\u00e9m garantindo qualidade e conforto nos momentos de relaxamento. Ent\u00e3o, bora fazer dessa varanda um verdadeiro o\u00e1sis de tranquilidade e bem-estar? O que voc\u00eas est\u00e3o esperando? Escolham a cadeira perfeita e aproveitem cada segundo desse espa\u00e7o lindo!<\/p>\n<\/h3>\n<\/h3>\n<\/h3>\n<\/h3>\n<\/h3>\n<\/h3>\n<\/h3>\n<\/h3>\n<\/h3>\n<\/h3>\n<\/h3>\n<\/h3>\n<\/h3>\n","protected":false},"excerpt":{"rendered":"<p>Escolher a cadeira de varanda certa pode ser como encontrar a cereja do bolo \u2013 d\u00e1 aquele toque especial que transforma tudo! Se voc\u00ea t\u00e1 pensando em dar uma repaginada na sua \u00e1rea externa, esse artigo vai te ajudar a escolher com sabedoria. Vamos explorar 7 vantagens que mostrar\u00e3o como uma simples cadeira pode melhorar [&hellip;]<\/p>\n","protected":false},"author":1,"featured_media":38244,"comment_status":"closed","ping_status":"closed","sticky":false,"template":"","format":"standard","meta":{"footnotes":""},"categories":[4],"tags":[],"_links":{"self":[{"href":"https:\/\/www.arquitetoalexandresouza.com.br\/blog\/wp-json\/wp\/v2\/posts\/38248"}],"collection":[{"href":"https:\/\/www.arquitetoalexandresouza.com.br\/blog\/wp-json\/wp\/v2\/posts"}],"about":[{"href":"https:\/\/www.arquitetoalexandresouza.com.br\/blog\/wp-json\/wp\/v2\/types\/post"}],"author":[{"embeddable":true,"href":"https:\/\/www.arquitetoalexandresouza.com.br\/blog\/wp-json\/wp\/v2\/users\/1"}],"replies":[{"embeddable":true,"href":"https:\/\/www.arquitetoalexandresouza.com.br\/blog\/wp-json\/wp\/v2\/comments?post=38248"}],"version-history":[{"count":0,"href":"https:\/\/www.arquitetoalexandresouza.com.br\/blog\/wp-json\/wp\/v2\/posts\/38248\/revisions"}],"wp:featuredmedia":[{"embeddable":true,"href":"https:\/\/www.arquitetoalexandresouza.com.br\/blog\/wp-json\/wp\/v2\/media\/38244"}],"wp:attachment":[{"href":"https:\/\/www.arquitetoalexandresouza.com.br\/blog\/wp-json\/wp\/v2\/media?parent=38248"}],"wp:term":[{"taxonomy":"category","embeddable":true,"href":"https:\/\/www.arquitetoalexandresouza.com.br\/blog\/wp-json\/wp\/v2\/categories?post=38248"},{"taxonomy":"post_tag","embeddable":true,"href":"https:\/\/www.arquitetoalexandresouza.com.br\/blog\/wp-json\/wp\/v2\/tags?post=38248"}],"curies":[{"name":"wp","href":"https:\/\/api.w.org\/{rel}","templated":true}]}}