{"id":38341,"date":"2024-10-02T02:52:26","date_gmt":"2024-10-02T05:52:26","guid":{"rendered":"https:\/\/www.arquitetoalexandresouza.com.br\/blog\/3-ideias-funcionais-de-decoracao-inteligente-para-apartamentos-pequenos\/"},"modified":"2024-10-02T02:52:26","modified_gmt":"2024-10-02T05:52:26","slug":"3-ideias-funcionais-de-decoracao-inteligente-para-apartamentos-pequenos","status":"publish","type":"post","link":"https:\/\/www.arquitetoalexandresouza.com.br\/blog\/3-ideias-funcionais-de-decoracao-inteligente-para-apartamentos-pequenos\/","title":{"rendered":"3 Ideias Funcionais de Decora\u00e7\u00e3o Inteligente para Apartamentos Pequenos"},"content":{"rendered":"<p><body><\/p>\n<p>Descubra como transformar seu apartamento pequeno em um espa\u00e7o funcional e acolhedor com dicas pr\u00e1ticas e inteligentes! Vamos explorar solu\u00e7\u00f5es de armazenamento, ilumina\u00e7\u00e3o e m\u00f3veis que otimizam cada cantinho.<\/p>\n<h2>Pontos principais:<\/h2>\n<ul>\n<li><b>Espa\u00e7o Vertical:<\/b> Aplique solu\u00e7\u00f5es de armazenamento vertical para fazer uso da altura e liberar espa\u00e7o no ch\u00e3o.<\/li>\n<li><b>Ilumina\u00e7\u00e3o Estrat\u00e9gica:<\/b> A combina\u00e7\u00e3o de luz natural e ilumina\u00e7\u00e3o pontual \u00e9 fundamental para criar ambientes arejados e aconchegantes.<\/li>\n<li><b>M\u00f3veis Multifuncionais:<\/b> Opte por m\u00f3veis que apresentem mais de uma fun\u00e7\u00e3o para maximizar seu espa\u00e7o e conforto.<\/li>\n<\/ul>\n<h2>Transformando Seu Espa\u00e7o Aconchegante<\/h2>\n<p>Como arquiteto e amante de design de interiores, eu tenho vivenciado na pele os desafios de ambientes pequenos. \u00c0s vezes, parece que cada metro quadrado foi vacinado contra a ordem e a praticidade. Mas calma! Com algumas estrat\u00e9gias simples, podemos transformar seu pequenininho em um espa\u00e7o onde voc\u00ea se sentir\u00e1 um verdadeiro rei ou rainha. Vamos l\u00e1, porque quem n\u00e3o ama um lar bem decorado e funcional, n\u00e3o \u00e9 mesmo?<\/p>\n<h2>Maximizando o Espa\u00e7o Vertical<\/h2>\n<h3>Estantes Multiuso: Sua Melhor Amiga<\/h3>\n<p><img loading=\"lazy\" decoding=\"async\" src=\"https:\/\/www.arquitetoalexandresouza.com.br\/blog\/wp-content\/uploads\/2024\/10\/3-Ideias-Funcionais-de-Decoracao-Inteligente-para-Apartamentos-Pequenos01.jpg\" alt=\"3 Ideias Funcionais de Decora\u00e7\u00e3o Inteligente para Apartamentos Pequenos\" width=\"1024\" height=\"1024\" title=\"\"><\/p>\n<p>Primeiro, precisamos focar no espa\u00e7o vertical. \u00c9 como fazer malabarismos: s\u00f3 que, ao inv\u00e9s de bolinhas, estamos lidando com prateleiras e estantes. Invista em <b>estantes multiuso<\/b> que podem servir para guardar livros, objetos decorativos ou at\u00e9 aqueles eletrodom\u00e9sticos que voc\u00ea sempre quis ter, mas nunca tem onde colocar. O resultado? O ch\u00e3o livre e um espa\u00e7o que respira.<\/p>\n<h3>Camas com Gavetas: O Poder do Armazenamento Oculto<\/h3>\n<p>Outra solu\u00e7\u00e3o de ouro s\u00e3o as <b>camas com gavetas embutidas<\/b>. Olha s\u00f3, quem diria que enquanto voc\u00ea dorme, guitarra o espa\u00e7o! Voc\u00ea pode guardar tudo, desde roupas de cama at\u00e9 aquele cobertor que sempre aparece nos dias frios. E quando acorda, l\u00e1 est\u00e1 voc\u00ea, num quarto sempre organizado e com mais espa\u00e7o para dan\u00e7ar, se precisar!<\/p>\n<h2>Ilumina\u00e7\u00e3o: O Cora\u00e7\u00e3o do Aconchego<\/h2>\n<h3>A Luz Natural \u00e9 Seu Melhor Amigo<\/h3>\n<p><img loading=\"lazy\" decoding=\"async\" src=\"https:\/\/www.arquitetoalexandresouza.com.br\/blog\/wp-content\/uploads\/2024\/10\/3-Ideias-Funcionais-de-Decoracao-Inteligente-para-Apartamentos-Pequenos02.jpg\" alt=\"3 Ideias Funcionais de Decora\u00e7\u00e3o Inteligente para Apartamentos Pequenos\" width=\"1024\" height=\"1024\" title=\"\"><\/p>\n<p>Agora, vamos falar da luz, mas n\u00e3o a \u201cluz no fim do t\u00fanel\u201d. Estou me referindo \u00e0 <b>luz natural<\/b>. Essa \u00e9 a maior aliada dos pequenos apartamentos! Janelas amplas e cortinas leves s\u00e3o suas melhores amigas. Elas fazem o ambiente brilhar e d\u00e3o a sensa\u00e7\u00e3o de amplitude, al\u00e9m de ajudarem na conta de luz. \u00c9 como ter o sol convidado para o seu lar \u2014 e n\u00e3o paga aluguel!<\/p>\n<h3>Ilumina\u00e7\u00e3o Pontual: Destaque Flickering<\/h3>\n<p>N\u00e3o para por a\u00ed. Adicione <b>ilumina\u00e7\u00e3o pontual<\/b> ao seu espa\u00e7o, com lumin\u00e1rias de parede e spots. Isso cria zonas de destaque e real\u00e7a os pontos que realmente importam. Sabe aquele canto de leitura que voc\u00ea ama? Vamos iluminar! Ou ainda deixar a mesa de jantar mais charmosa para os encontros com amigos. Quando a luz entra no jogo, tudo se transforma.<\/p>\n<h2>M\u00f3veis Multifuncionais: O Traje de Gala do Design<\/h2>\n<h3>Mesas Dobr\u00e1veis: Flexibilidade em Cada Comida<\/h3>\n<p><img loading=\"lazy\" decoding=\"async\" src=\"https:\/\/www.arquitetoalexandresouza.com.br\/blog\/wp-content\/uploads\/2024\/10\/3-Ideias-Funcionais-de-Decoracao-Inteligente-para-Apartamentos-Pequenos03.jpg\" alt=\"3 Ideias Funcionais de Decora\u00e7\u00e3o Inteligente para Apartamentos Pequenos\" width=\"1024\" height=\"1024\" title=\"\"><\/p>\n<p>Vamos falar sobre <b>mesas dobr\u00e1veis<\/b>. S\u00e3o como aquelas super modelos que sabem fazer de tudo. Elas podem ser guardadas quando n\u00e3o est\u00e3o em uso. Quer ter um jantar rom\u00e2ntico \u00e0 luz de velas? Mesa na certa! Precisando de mais espa\u00e7o para as crian\u00e7as brincarem? Dobrou e guardou. Flexibilidade \u00e9 tudo!<\/p>\n<h3>Sof\u00e1s com Compartimentos: Organizar sem Desafios<\/h3>\n<p><img loading=\"lazy\" decoding=\"async\" src=\"https:\/\/www.arquitetoalexandresouza.com.br\/blog\/wp-content\/uploads\/2024\/10\/3-Ideias-Funcionais-de-Decoracao-Inteligente-para-Apartamentos-Pequenos4.jpg\" alt=\"3 Ideias Funcionais de Decora\u00e7\u00e3o Inteligente para Apartamentos Pequenos\" width=\"1024\" height=\"1024\" title=\"\"><\/p>\n<p>Outro item que voc\u00ea deveria considerar \u00e9 o sofa com <b>compartimentos de armazenamento<\/b>. Encha-o de almofadas e cobertores e, quando quiser, \u00e9 s\u00f3 abrir e guardar tudo ali. \u00c9 o tipo de m\u00f3vel que traz conforto e, ao mesmo tempo, te salva da bagun\u00e7a. Olha, \u00e9 quase heroico, n\u00e3o acha?<\/p>\n<h2>Conclus\u00e3o: Um Espa\u00e7o Para Chamar de Seu<\/h2>\n<p>Resumindo tudo que vimos, transformar um apartamento pequeno em um espa\u00e7o confort\u00e1vel e pr\u00e1tico \u00e9 totalmente poss\u00edvel. Com <b>estrat\u00e9gias de armazenamento vertical, ilumina\u00e7\u00e3o inteligente e m\u00f3veis multifuncionais<\/b>, voc\u00ea pode criar um lar que n\u00e3o s\u00f3 \u00e9 bonito, mas tamb\u00e9m funcional. E quem sabe, at\u00e9 um dia voc\u00ea percebe que aquela ideia inicial de \u201capertado\u201d virou uma verdadeira joia de design. Venha, meu amigo, sinta-se em casa e mostre pra todo mundo que pequeno tamb\u00e9m pode ser maravilhoso!<\/p>\n<p><\/body><\/h3>\n<\/h3>\n<\/h3>\n<\/h3>\n<\/h3>\n<\/h3>\n<\/h3>\n<\/h3>\n<\/h3>\n<\/h3>\n<\/h3>\n<\/h3>\n<\/h3>\n<\/h3>\n<\/h3>\n","protected":false},"excerpt":{"rendered":"<p>Descubra como transformar seu apartamento pequeno em um espa\u00e7o funcional e acolhedor com dicas pr\u00e1ticas e inteligentes! Vamos explorar solu\u00e7\u00f5es de armazenamento, ilumina\u00e7\u00e3o e m\u00f3veis que otimizam cada cantinho. Pontos principais: Espa\u00e7o Vertical: Aplique solu\u00e7\u00f5es de armazenamento vertical para fazer uso da altura e liberar espa\u00e7o no ch\u00e3o. Ilumina\u00e7\u00e3o Estrat\u00e9gica: A combina\u00e7\u00e3o de luz natural [&hellip;]<\/p>\n","protected":false},"author":1,"featured_media":38337,"comment_status":"closed","ping_status":"closed","sticky":false,"template":"","format":"standard","meta":{"footnotes":""},"categories":[4],"tags":[],"_links":{"self":[{"href":"https:\/\/www.arquitetoalexandresouza.com.br\/blog\/wp-json\/wp\/v2\/posts\/38341"}],"collection":[{"href":"https:\/\/www.arquitetoalexandresouza.com.br\/blog\/wp-json\/wp\/v2\/posts"}],"about":[{"href":"https:\/\/www.arquitetoalexandresouza.com.br\/blog\/wp-json\/wp\/v2\/types\/post"}],"author":[{"embeddable":true,"href":"https:\/\/www.arquitetoalexandresouza.com.br\/blog\/wp-json\/wp\/v2\/users\/1"}],"replies":[{"embeddable":true,"href":"https:\/\/www.arquitetoalexandresouza.com.br\/blog\/wp-json\/wp\/v2\/comments?post=38341"}],"version-history":[{"count":0,"href":"https:\/\/www.arquitetoalexandresouza.com.br\/blog\/wp-json\/wp\/v2\/posts\/38341\/revisions"}],"wp:featuredmedia":[{"embeddable":true,"href":"https:\/\/www.arquitetoalexandresouza.com.br\/blog\/wp-json\/wp\/v2\/media\/38337"}],"wp:attachment":[{"href":"https:\/\/www.arquitetoalexandresouza.com.br\/blog\/wp-json\/wp\/v2\/media?parent=38341"}],"wp:term":[{"taxonomy":"category","embeddable":true,"href":"https:\/\/www.arquitetoalexandresouza.com.br\/blog\/wp-json\/wp\/v2\/categories?post=38341"},{"taxonomy":"post_tag","embeddable":true,"href":"https:\/\/www.arquitetoalexandresouza.com.br\/blog\/wp-json\/wp\/v2\/tags?post=38341"}],"curies":[{"name":"wp","href":"https:\/\/api.w.org\/{rel}","templated":true}]}}