{"id":38566,"date":"2024-10-11T20:53:04","date_gmt":"2024-10-11T23:53:04","guid":{"rendered":"https:\/\/www.arquitetoalexandresouza.com.br\/blog\/mesa-para-varanda-pequena-3-maneiras-de-integrar-espacos\/"},"modified":"2024-10-11T20:53:04","modified_gmt":"2024-10-11T23:53:04","slug":"mesa-para-varanda-pequena-3-maneiras-de-integrar-espacos","status":"publish","type":"post","link":"https:\/\/www.arquitetoalexandresouza.com.br\/blog\/mesa-para-varanda-pequena-3-maneiras-de-integrar-espacos\/","title":{"rendered":"Mesa para Varanda Pequena: 3 Maneiras de Integrar Espa\u00e7os"},"content":{"rendered":"<p>Descubra como maximizar sua varanda pequena com mesas pr\u00e1ticas e estilosas que otimizam o espa\u00e7o e trazem charme ao ambiente. Aprenda 3 maneiras eficazes de integrar sua mesa \u00e0 decora\u00e7\u00e3o da sua varanda!<\/p>\n<h3>Pontos principais:<\/h3>\n<p><img loading=\"lazy\" decoding=\"async\" src=\"https:\/\/www.arquitetoalexandresouza.com.br\/blog\/wp-content\/uploads\/2024\/10\/Mesa-para-Varanda-Pequena-3-Maneiras-de-Integrar-Espacos01.jpg\" alt=\"Mesa para Varanda Pequena: 3 Maneiras de Integrar Espa\u00e7os\" width=\"1024\" height=\"1024\" title=\"\"><\/p>\n<ul>\n<li><b>Escolha a mesa certa:<\/b> Optar por mesas redondas ou retr\u00e1teis pode transformar sua varanda em um espa\u00e7o funcional e aconchegante.<\/li>\n<li><b>Decora\u00e7\u00e3o que conta:<\/b> A integra\u00e7\u00e3o de plantas e acess\u00f3rios valorizam a est\u00e9tica e criam um ambiente mais acolhedor.<\/li>\n<li><b>Ilumina\u00e7\u00e3o ideal:<\/b> Uma boa ilumina\u00e7\u00e3o pode mudar a atmosfera e fazer da sua varanda o lugar preferido da casa.<\/li>\n<\/ul>\n<p>Como arquiteto, j\u00e1 vi de tudo na hora de pensar na decora\u00e7\u00e3o de varandas pequenas. A luta \u00e9 real: cada cent\u00edmetro conta! Mas n\u00e3o tem problema, porque eu t\u00f4 aqui pra ajudar voc\u00ea a dar aquele upgrade na sua varanda e aproveitar cada pedacinho dela. E uma das estrelas do show? A <b>mesa<\/b>. Voc\u00ea sabia que a escolha certa pode fazer toda a diferen\u00e7a? Vamos explorar isso!<\/p>\n<h3>1. Escolhendo a Mesa Ideal para Espa\u00e7os Reduzidos<\/h3>\n<p>Eu sempre falo pros meus clientes: <b>mesas redondas<\/b> s\u00e3o uma \u00f3tima pedida para varandas pequenas. Esses modelitos s\u00e3o como aquele amigo que sempre traz snacks pra festa \u2014 eles n\u00e3o ocupam muito espa\u00e7o e ainda deixam todo mundo mais pr\u00f3ximo. Uma mesa com di\u00e2metro entre 90 e 120 cm \u00e9 ideal; ningu\u00e9m vai se sentir espremido enquanto tenta alcan\u00e7ar o \u00faltimo cupcake!<\/p>\n<p>Al\u00e9m disso, o <b>design circular<\/b> traz intimidade, criando um canto perfeito para conversas e risadas. N\u00e3o esquece de escolher o material certo, como alum\u00ednio leve ou vidro, que d\u00e1 uma apar\u00eancia clean e moderna. Quando a mesa fica bonita, d\u00e1 vontade de usar, n\u00e9?<\/p>\n<h3>2. Mesa Retr\u00e1til: Espa\u00e7o Inteligente para a Varanda<\/h3>\n<p><img loading=\"lazy\" decoding=\"async\" src=\"https:\/\/www.arquitetoalexandresouza.com.br\/blog\/wp-content\/uploads\/2024\/10\/Mesa-para-Varanda-Pequena-3-Maneiras-de-Integrar-Espacos02.jpg\" alt=\"Mesa para Varanda Pequena: 3 Maneiras de Integrar Espa\u00e7os\" width=\"1024\" height=\"1024\" title=\"\"><\/p>\n<p>Se a ideia \u00e9 ter uma mesa flex\u00edvel, as <b>mesas retr\u00e1teis<\/b> s\u00e3o a solu\u00e7\u00e3o! Imagine ter uma mesa que aparece quando voc\u00ea precisa e desaparece quando n\u00e3o precisa \u2014 \u00f3timo, n\u00e9? Esses modelos t\u00eam mecanismos que permitem dobr\u00e1-las e recolh\u00ea-las com facilidade. \u00c9 como m\u00e1gica, mas sem o coelhinho na cartola!<\/p>\n<p>Com um acabamento bonito em madeira ou vidro, a mesa retr\u00e1til se torna parte da decora\u00e7\u00e3o sem ser uma invasora do espa\u00e7o. E voc\u00ea ainda ganha uma \u00e1rea livre para outras atividades, como um bingo ou uma sess\u00e3o de Netflix ao ar livre. Fa\u00e7a essa varanda brilhar!<\/p>\n<h3>3. Mesas Dobr\u00e1veis: Versatilidade e Praticidade para Varandas<\/h3>\n<p>Agora, se voc\u00ea quer se sentir um verdadeiro mestre da economia de espa\u00e7o, conhe\u00e7a as <b>mesas dobr\u00e1veis<\/b>. Essas belezuras s\u00e3o feitas para quem adora receber mas n\u00e3o quer ter uma mesa ocupando espa\u00e7o desnecess\u00e1rio o tempo todo. A beleza dessas mesas \u00e9 que podem ser guardadas facilmente, e mesmo quando abertas, oferecem uma superf\u00edcie generosa.<\/p>\n<p>Com diversas op\u00e7\u00f5es de formatos, voc\u00ea pode encontrar uma mesa que se encaixa perfeitamente na sua varanda. \u00c9 como um quebra-cabe\u00e7a, onde cada pe\u00e7a tem seu lugar. Quem n\u00e3o ama uma boa pe\u00e7a que n\u00e3o s\u00f3 funciona como tamb\u00e9m \u00e9 estilosa?<\/p>\n<h3>4. Integra\u00e7\u00e3o com Plantas: Criando um Espa\u00e7o Aconchegante<\/h3>\n<p><img loading=\"lazy\" decoding=\"async\" src=\"https:\/\/www.arquitetoalexandresouza.com.br\/blog\/wp-content\/uploads\/2024\/10\/Mesa-para-Varanda-Pequena-3-Maneiras-de-Integrar-Espacos03.jpg\" alt=\"Mesa para Varanda Pequena: 3 Maneiras de Integrar Espa\u00e7os\" width=\"1024\" height=\"1024\" title=\"\"><\/p>\n<p>Se eu pudesse, encheria todas as varandas de <b>plantas!<\/b> Elas trazem vida e frescor ao ambiente. Al\u00e9m de usar as plantas para embelezar, \u00e9 legal pensar em como elas podem se integrar \u00e0 sua mesa. Que tal criar um <b>centro de mesa<\/b> com ervas arom\u00e1ticas? Assim, al\u00e9m de decorar, voc\u00ea ainda tem ingredientes fresquinhos para suas receitas. \u00c9 charme e sabor de uma s\u00f3 vez!<\/p>\n<h3>5. Decora\u00e7\u00e3o Vertical: Como Otimizar o Espa\u00e7o da Varanda<\/h3>\n<p><img loading=\"lazy\" decoding=\"async\" src=\"https:\/\/www.arquitetoalexandresouza.com.br\/blog\/wp-content\/uploads\/2024\/10\/Mesa-para-Varanda-Pequena-3-Maneiras-de-Integrar-Espacos4.jpg\" alt=\"Mesa para Varanda Pequena: 3 Maneiras de Integrar Espa\u00e7os\" width=\"1024\" height=\"1024\" title=\"\"><\/p>\n<p>Quando o espa\u00e7o \u00e9 curto, a solu\u00e7\u00e3o \u00e9 olhar para cima! A <b>decora\u00e7\u00e3o vertical<\/b> \u00e9 a pedida perfeita. Prateleiras em vez de mesas grandes ocupam menos espa\u00e7o e podem ser decoradas com itens que trazem alegria e personalidade. Que tal pendurar algumas luzes? Elas criam um clima super gostoso! Voc\u00ea vai se sentir numa balada descontra\u00edda, sem precisar sair de casa.<\/p>\n<h3>6. Op\u00e7\u00f5es de Assentos que Economizam Espa\u00e7o<\/h3>\n<p>Bora falar de cadeiras? A <b>mobilidade<\/b> \u00e9 essencial em varandas pequenas. Cadeiras empilh\u00e1veis ou bancos com armazenamento interno s\u00e3o uma m\u00e3o na roda! Todos se acomodam e, quando os convidados v\u00e3o embora, voc\u00ea guarda tudo e libera o espa\u00e7o. \u00c9 como um truque de m\u00e1gica \u2014 fit! Op\u00e7\u00f5es de assentos que s\u00f3 aparecem quando s\u00e3o necess\u00e1rias s\u00e3o a verdadeira cereja do bolo.<\/p>\n<h3>7. Criando um Ambiente Convidativo com Ilumina\u00e7\u00e3o Adequada<\/h3>\n<p>Agora, se voc\u00ea quer transformar sua varanda em um ref\u00fagio durante as noites, a <b>ilumina\u00e7\u00e3o<\/b> \u00e9 tudo! Luzes quentes, lanternas penduradas ou at\u00e9 mesmo luzes de fairy lights fazem toda a diferen\u00e7a. Sabe aquela sensa\u00e7\u00e3o gostosa de estar numa festa de ver\u00e3o? \u00c9 isso que uma boa ilumina\u00e7\u00e3o proporciona!<\/p>\n<h3>8. Personalizando com Acess\u00f3rios e Texturas<\/h3>\n<p>N\u00e3o se esque\u00e7a de personalizar o espa\u00e7o! <b>Acess\u00f3rios<\/b> e texturas fazem a m\u00e1gica acontecer. Uma toalha de mesa vibrante, almofadas coloridas ou at\u00e9 um tapete que aconchega os p\u00e9s cria uma atmosfera \u00fanica. Lembre-se: menos pode ser mais, mas o que \u00e9 seu deve brilhar!<\/p>\n<h3>Conclus\u00e3o: Transforme Sua Varanda em um Ref\u00fagio Aconchegante<\/h3>\n<p>No fim das contas, escolher a mesa ideal e decor\u00e1-la pensando em cada detalhe pode transformar sua varanda em um verdadeiro <b>o\u00e1sis<\/b> dentro de casa. Da mesa redonda que junta a galera, \u00e0s mesas retr\u00e1teis que salvam o dia \u2014 h\u00e1 sempre uma solu\u00e7\u00e3o criativa. E n\u00e3o esquece: com um pouquinho de aten\u00e7\u00e3o ao layout e ao estilo, d\u00e1 pra fazer do seu espa\u00e7o um lugar agrad\u00e1vel e convidativo. Agora, corre l\u00e1 e vamos fazer essa varanda brilhar e se tornar o lugar preferido!(como um cantinho de paz e alegria para voc\u00ea e sua galera!)<\/p>\n<p>Ent\u00e3o, que tal se jogar nessas ideias e fazer da sua varanda um lugar que todo mundo vai querer visitar? Um espa\u00e7o que \u00e9 <b>ador\u00e1vel<\/b> tanto de dia quanto de noite \u00e9 o que todo mundo quer, n\u00e3o? Deixe sua criatividade fluir e arrase!<\/p>\n<\/h3>\n<\/h3>\n<\/h3>\n<\/h3>\n<\/h3>\n<\/h3>\n<\/h3>\n<\/h3>\n<\/h3>\n<\/h3>\n<\/h3>\n","protected":false},"excerpt":{"rendered":"<p>Descubra como maximizar sua varanda pequena com mesas pr\u00e1ticas e estilosas que otimizam o espa\u00e7o e trazem charme ao ambiente. Aprenda 3 maneiras eficazes de integrar sua mesa \u00e0 decora\u00e7\u00e3o da sua varanda! Pontos principais: Escolha a mesa certa: Optar por mesas redondas ou retr\u00e1teis pode transformar sua varanda em um espa\u00e7o funcional e aconchegante. [&hellip;]<\/p>\n","protected":false},"author":1,"featured_media":34121,"comment_status":"closed","ping_status":"closed","sticky":false,"template":"","format":"standard","meta":{"footnotes":""},"categories":[4],"tags":[],"_links":{"self":[{"href":"https:\/\/www.arquitetoalexandresouza.com.br\/blog\/wp-json\/wp\/v2\/posts\/38566"}],"collection":[{"href":"https:\/\/www.arquitetoalexandresouza.com.br\/blog\/wp-json\/wp\/v2\/posts"}],"about":[{"href":"https:\/\/www.arquitetoalexandresouza.com.br\/blog\/wp-json\/wp\/v2\/types\/post"}],"author":[{"embeddable":true,"href":"https:\/\/www.arquitetoalexandresouza.com.br\/blog\/wp-json\/wp\/v2\/users\/1"}],"replies":[{"embeddable":true,"href":"https:\/\/www.arquitetoalexandresouza.com.br\/blog\/wp-json\/wp\/v2\/comments?post=38566"}],"version-history":[{"count":0,"href":"https:\/\/www.arquitetoalexandresouza.com.br\/blog\/wp-json\/wp\/v2\/posts\/38566\/revisions"}],"wp:featuredmedia":[{"embeddable":true,"href":"https:\/\/www.arquitetoalexandresouza.com.br\/blog\/wp-json\/wp\/v2\/media\/34121"}],"wp:attachment":[{"href":"https:\/\/www.arquitetoalexandresouza.com.br\/blog\/wp-json\/wp\/v2\/media?parent=38566"}],"wp:term":[{"taxonomy":"category","embeddable":true,"href":"https:\/\/www.arquitetoalexandresouza.com.br\/blog\/wp-json\/wp\/v2\/categories?post=38566"},{"taxonomy":"post_tag","embeddable":true,"href":"https:\/\/www.arquitetoalexandresouza.com.br\/blog\/wp-json\/wp\/v2\/tags?post=38566"}],"curies":[{"name":"wp","href":"https:\/\/api.w.org\/{rel}","templated":true}]}}