{"id":38707,"date":"2024-10-18T08:52:33","date_gmt":"2024-10-18T11:52:33","guid":{"rendered":"https:\/\/www.arquitetoalexandresouza.com.br\/blog\/transformacoes-surpreendentes-em-varandas-pequenas-descubra-5-truques-inusitados-para-ampliar-seu-espaco-em-2024\/"},"modified":"2024-10-18T08:52:33","modified_gmt":"2024-10-18T11:52:33","slug":"transformacoes-surpreendentes-em-varandas-pequenas-descubra-5-truques-inusitados-para-ampliar-seu-espaco-em-2024","status":"publish","type":"post","link":"https:\/\/www.arquitetoalexandresouza.com.br\/blog\/transformacoes-surpreendentes-em-varandas-pequenas-descubra-5-truques-inusitados-para-ampliar-seu-espaco-em-2024\/","title":{"rendered":"Transforma\u00e7\u00f5es Surpreendentes em Varandas Pequenas: Descubra 5 Truques Inusitados para Ampliar seu Espa\u00e7o em 2024."},"content":{"rendered":"<p>Voc\u00ea j\u00e1 pensou em como transformar sua varanda pequena em um espa\u00e7o que seja super funcional e aconchegante? Pois bem, em 2024, isso \u00e9 poss\u00edvel! Vou compartilhar com voc\u00eas cinco truques inusitados que v\u00e3o ampliar a sua \u00e1rea externa de uma forma surpreendente e cheia de charme.<\/p>\n<h3>Pontos principais:<\/h3>\n<p><img loading=\"lazy\" decoding=\"async\" src=\"https:\/\/www.arquitetoalexandresouza.com.br\/blog\/wp-content\/uploads\/2024\/10\/mesa-para-varanda-pequena01.jpg\" alt=\"Mesa para Varanda Pequena: Aproveitando o Espa\u00e7o ao Ar Livre\" width=\"1024\" height=\"1024\" title=\"\"><\/p>\n<ul>\n<li><b>M\u00f3veis Multifuncionais<\/b>: Escolher m\u00f3veis que tenham mais de uma fun\u00e7\u00e3o \u00e9 essencial para otimizar o espa\u00e7o.<\/li>\n<li><b>Use Cores Claras<\/b>: Cores mais leves ajudam a criar a ilus\u00e3o de um ambiente mais amplo e arejado.<\/li>\n<li><b>Ilumina\u00e7\u00e3o Estrat\u00e9gica<\/b>: Uma boa ilumina\u00e7\u00e3o pode mudar completamente a atmosfera da sua varanda, tornando-a mais aconchegante.<\/li>\n<\/ul>\n<h3>1. Aposte em M\u00f3veis Multifuncionais<\/h3>\n<p>Olha, eu j\u00e1 vi muita varanda pequena se transformar em um verdadeiro o\u00e1sis com <b>m\u00f3veis multifuncionais<\/b>. Elas s\u00e3o o coringa do jogo! Um banco que tamb\u00e9m \u00e9 ba\u00fa para guardar almofadas, ou uma mesa que se abre para acomodar mais pessoas durante uma reuni\u00e3o. Sabe quando voc\u00ea acha que sua varanda \u00e9 a menor do mundo? Pois \u00e9, com esses m\u00f3veis, ela vira um espa\u00e7o que comporta at\u00e9 um pic-nic com os amigos.<\/p>\n<h3>2. Use Cores Claras para Ampliar Visualmente<\/h3>\n<p><img loading=\"lazy\" decoding=\"async\" src=\"https:\/\/www.arquitetoalexandresouza.com.br\/blog\/wp-content\/uploads\/2024\/10\/mesa-para-varanda-pequena02.jpg\" alt=\"Mesa para Varanda Pequena: Aproveitando o Espa\u00e7o ao Ar Livre\" width=\"1024\" height=\"1024\" title=\"\"><\/p>\n<p>Agora, se eu pudesse dar um conselho sobre cores, eu diria: invista em <b>cores claras<\/b>. Essas belezinhas refletem a luz e fazem com que qualquer espa\u00e7o pare\u00e7a mais aberto. Imagina uma pintura suave nas paredes ou um sof\u00e1 branco? \u00c9 como se voc\u00ea estivesse criando um cen\u00e1rio de filme! E a vantagem \u00e9 que voc\u00ea pode brincar com almofadas e acess\u00f3rios coloridos para dar aquele toque pessoal.<\/p>\n<h3>3. Invista em Jardins Verticais<\/h3>\n<p>Vamos falar de natureza? Um <b>jardim vertical<\/b> \u00e9 uma oportunidade brilhante de dar vida \u00e0 sua varanda. Imagine verde subindo por uma parede \u2014 fica lindo e ainda melhora a qualidade do ar. E mais, economiza espa\u00e7o no ch\u00e3o! Voc\u00ea pode montar prateleiras e pendurar vasos de flores ou ervas arom\u00e1ticas. Assim, voc\u00ea tem um pedacinho do para\u00edso a poucos passos da sua porta.<\/p>\n<h3>4. Ilumina\u00e7\u00e3o Estrat\u00e9gica: Crie Ambientes Aconchegantes<\/h3>\n<p><img loading=\"lazy\" decoding=\"async\" src=\"https:\/\/www.arquitetoalexandresouza.com.br\/blog\/wp-content\/uploads\/2024\/10\/mesa-para-varanda-pequena03.jpg\" alt=\"Mesa para Varanda Pequena: Aproveitando o Espa\u00e7o ao Ar Livre\" width=\"1024\" height=\"1024\" title=\"\"><\/p>\n<p>Agora, n\u00e3o esque\u00e7a da ilumina\u00e7\u00e3o! Uma varanda bem iluminada se transforma em um ref\u00fagio. Usar <b>ilumina\u00e7\u00e3o estrat\u00e9gica<\/b> pode fazer milagres. Lanternas penduradas, luzes de fadas ou at\u00e9 um simples abajur de mesa podem criar um clima bem agrad\u00e1vel. Imagine s\u00f3: um p\u00f4r do sol seguido de um jantar iluminado, tudo isso com um toque suave de luz. \u00c9 a receita perfeita para relaxar depois de um dia cansativo!<\/p>\n<h3>5. Espelhos: Um Truque de Ilus\u00e3o de Espa\u00e7o<\/h3>\n<p><img loading=\"lazy\" decoding=\"async\" src=\"https:\/\/www.arquitetoalexandresouza.com.br\/blog\/wp-content\/uploads\/2024\/10\/mesa-para-varanda-pequena4.jpg\" alt=\"Mesa para Varanda Pequena: Aproveitando o Espa\u00e7o ao Ar Livre\" width=\"1024\" height=\"1024\" title=\"\"><\/p>\n<p>Hein, j\u00e1 pensou em usar um <b>espelho<\/b>? Esse \u00e9 um truque de mestre que pouca gente pensa! Espelhos refletem a luz e criam a ilus\u00e3o de espa\u00e7o. Coloque um espelho grande na parede de fundo e veja sua varanda ganhar vida, como se fosse uma amplia\u00e7\u00e3o do ambiente. \u00c9 como ter um assistente de ilus\u00e3o que vai deixar seus amigos sem palavras!<\/p>\n<h3>6. Aproveite o Espa\u00e7o Vertical<\/h3>\n<p>Por falar em truques, vamos aproveitar cada cantinho! Os espa\u00e7os verticais s\u00e3o seus amigos. Instalar prateleiras ou nichos nas paredes n\u00e3o s\u00f3 serve para colocar decora\u00e7\u00f5es, mas tamb\u00e9m para armazenar plantas, livros e outros itens. Olha, \u00e9 um verdadeiro jogo de xadrez com o ambiente, onde cada movimento conta!<\/p>\n<h3>7. Crie Zonas de Conviv\u00eancia Definidas<\/h3>\n<p>O que seria de uma boa conversa sem um bom espa\u00e7o? \u00c9 importante que sua varanda tenha <b>zonas de conviv\u00eancia definidas<\/b>. Pense em ter um cantinho para relaxar com um sof\u00e1 e outro para refei\u00e7\u00f5es. Isso ajuda a dar prop\u00f3sito ao espa\u00e7o. E, claro, voc\u00ea ainda pode adicionar uma mesinha de caf\u00e9, ideal para um lanche rapidinho com os amigos. Quem n\u00e3o gosta de um bom \u201ccaf\u00e9 com bolo\u201d? \u00c9 a cereja do bolo!<\/p>\n<h3>8. Personalize com Acess\u00f3rios Criativos<\/h3>\n<p>Finalmente, a cereja do bolo! N\u00e3o se esque\u00e7a de <b>personalizar sua varanda com acess\u00f3rios criativos<\/b>. Isso faz toda a diferen\u00e7a! Almofadas, tapetes e quadros podem dar um toque \u00fanico. E outra, voc\u00ea pode mudar isso sempre que sentir vontade, como quem troca de roupa! A s\u00f3 vai ser a gente que vai aumentar as possibilidades de aconchego e estilo.<\/p>\n<h2>Conclus\u00e3o: Transforme sua Varanda em um Ref\u00fagio<\/h2>\n<p>Totalizando tudo isso, a transforma\u00e7\u00e3o da sua varanda em um espa\u00e7o aconchegante e funcional n\u00e3o precisa ser complicada, basta alguns truques! Com m\u00f3veis que otimizam o espa\u00e7o, cores que ampliam, e um toque da natureza, voc\u00ea vai ter um verdadeiro ref\u00fagio! Como um arquiteto, eu digo: a criatividade \u00e9 o seu maior aliado. N\u00e3o tenha medo de experimentar e se divertir nesse processo. Sua varanda merece ser um espa\u00e7o que voc\u00ea ama e que os outros tamb\u00e9m admiram!<\/p>\n<p>Ent\u00e3o, vamos l\u00e1! Hora de p\u00f4r a m\u00e3o na massa e dar vida ao seu espa\u00e7o. Afinal, <b>todo canto \u00e9 um convite para a felicidade<\/b>, especialmente quando est\u00e1 t\u00e3o bem aproveitado!<\/p>\n<\/h3>\n<\/h3>\n<\/h3>\n<\/h3>\n<\/h3>\n<\/h3>\n<\/h3>\n<\/h3>\n<\/h3>\n<\/h3>\n<\/h3>\n<\/h3>\n","protected":false},"excerpt":{"rendered":"<p>Voc\u00ea j\u00e1 pensou em como transformar sua varanda pequena em um espa\u00e7o que seja super funcional e aconchegante? Pois bem, em 2024, isso \u00e9 poss\u00edvel! Vou compartilhar com voc\u00eas cinco truques inusitados que v\u00e3o ampliar a sua \u00e1rea externa de uma forma surpreendente e cheia de charme. Pontos principais: M\u00f3veis Multifuncionais: Escolher m\u00f3veis que tenham [&hellip;]<\/p>\n","protected":false},"author":1,"featured_media":33531,"comment_status":"closed","ping_status":"closed","sticky":false,"template":"","format":"standard","meta":{"footnotes":""},"categories":[4],"tags":[],"_links":{"self":[{"href":"https:\/\/www.arquitetoalexandresouza.com.br\/blog\/wp-json\/wp\/v2\/posts\/38707"}],"collection":[{"href":"https:\/\/www.arquitetoalexandresouza.com.br\/blog\/wp-json\/wp\/v2\/posts"}],"about":[{"href":"https:\/\/www.arquitetoalexandresouza.com.br\/blog\/wp-json\/wp\/v2\/types\/post"}],"author":[{"embeddable":true,"href":"https:\/\/www.arquitetoalexandresouza.com.br\/blog\/wp-json\/wp\/v2\/users\/1"}],"replies":[{"embeddable":true,"href":"https:\/\/www.arquitetoalexandresouza.com.br\/blog\/wp-json\/wp\/v2\/comments?post=38707"}],"version-history":[{"count":0,"href":"https:\/\/www.arquitetoalexandresouza.com.br\/blog\/wp-json\/wp\/v2\/posts\/38707\/revisions"}],"wp:featuredmedia":[{"embeddable":true,"href":"https:\/\/www.arquitetoalexandresouza.com.br\/blog\/wp-json\/wp\/v2\/media\/33531"}],"wp:attachment":[{"href":"https:\/\/www.arquitetoalexandresouza.com.br\/blog\/wp-json\/wp\/v2\/media?parent=38707"}],"wp:term":[{"taxonomy":"category","embeddable":true,"href":"https:\/\/www.arquitetoalexandresouza.com.br\/blog\/wp-json\/wp\/v2\/categories?post=38707"},{"taxonomy":"post_tag","embeddable":true,"href":"https:\/\/www.arquitetoalexandresouza.com.br\/blog\/wp-json\/wp\/v2\/tags?post=38707"}],"curies":[{"name":"wp","href":"https:\/\/api.w.org\/{rel}","templated":true}]}}