{"id":38712,"date":"2024-10-18T14:53:13","date_gmt":"2024-10-18T17:53:13","guid":{"rendered":"https:\/\/www.arquitetoalexandresouza.com.br\/blog\/moveis-modulados-para-quartos-em-2024-chaves-para-aproveitar-ao-maximo-o-espaco-do-seu-quarto\/"},"modified":"2024-10-18T14:53:13","modified_gmt":"2024-10-18T17:53:13","slug":"moveis-modulados-para-quartos-em-2024-chaves-para-aproveitar-ao-maximo-o-espaco-do-seu-quarto","status":"publish","type":"post","link":"https:\/\/www.arquitetoalexandresouza.com.br\/blog\/moveis-modulados-para-quartos-em-2024-chaves-para-aproveitar-ao-maximo-o-espaco-do-seu-quarto\/","title":{"rendered":"M\u00f3veis Modulados para Quartos em 2024: Chaves para Aproveitar ao M\u00e1ximo o Espa\u00e7o do Seu Quarto"},"content":{"rendered":"<p>Descubra como os m\u00f3veis modulados para quartos em 2024 podem transformar o espa\u00e7o do seu quarto, oferecendo versatilidade e estilo aliado a uma organiza\u00e7\u00e3o pr\u00e1tica. Aprenda dicas inteligentes para maximizar cada metro quadrado de forma funcional e est\u00e9tica.<\/p>\n<h3>O que s\u00e3o M\u00f3veis Modulados?<\/h3>\n<p><img loading=\"lazy\" decoding=\"async\" src=\"https:\/\/www.arquitetoalexandresouza.com.br\/blog\/wp-content\/uploads\/2024\/10\/Revelacoes-sobre-Moveis-Modulados-para-Quartos-em-202401.jpg\" alt=\"moveis modulados quarto\" width=\"1024\" height=\"1024\" title=\"\"><\/p>\n<p>Sabe quando voc\u00ea entra em um quarto t\u00e3o bem organizado que d\u00e1 vontade de sentar e tomar um caf\u00e9 ali? Ent\u00e3o, isso pode ser fruto dos <b>m\u00f3veis modulados<\/b>. Eles s\u00e3o como pe\u00e7as de um quebra-cabe\u00e7a, prontas para serem montadas conforme a sua necessidade e espa\u00e7o dispon\u00edvel. Ao contr\u00e1rio dos m\u00f3veis tradicionais, eles oferecem uma flexibilidade incr\u00edvel. Se voc\u00ea tem um cantinho pequeno, esses m\u00f3dulos se encaixam como uma luva, garantindo que cada metro quadrado seja aproveitado ao m\u00e1ximo.<\/p>\n<h3>Vantagens dos M\u00f3veis Modulados para Quartos<\/h3>\n<p>Vamos ser sinceros: quem n\u00e3o ama um quarto que parece um mini paradiso? <b>Os m\u00f3veis modulados<\/b> trazem uma s\u00e9rie de vantagens. Primeiro, a <b>organiza\u00e7\u00e3o<\/b>. Cada coisa tem seu lugar, e voc\u00ea evita aquela bagun\u00e7a t\u00edpica. Al\u00e9m disso, a customiza\u00e7\u00e3o \u00e9 a estrela do espet\u00e1culo. Quer um arm\u00e1rio do tamanho certo para suas roupas? Pode! Precisa de mais prateleiras para os livros? Tamb\u00e9m d\u00e1 para fazer. Isso tudo traz uma sensa\u00e7\u00e3o de controle e aconchego que muitos buscam, n\u00e3o \u00e9 mesmo?<\/p>\n<h3>Como Escolher M\u00f3veis Modulados para o Seu Quarto<\/h3>\n<p><img loading=\"lazy\" decoding=\"async\" src=\"https:\/\/www.arquitetoalexandresouza.com.br\/blog\/wp-content\/uploads\/2024\/10\/Revelacoes-sobre-Moveis-Modulados-para-Quartos-em-202402.jpg\" alt=\"moveis modulados quarto\" width=\"1024\" height=\"1024\" title=\"\"><\/p>\n<p>Na hora de escolher, \u00e9 preciso considerar o seu estilo pessoal e as necessidades do espa\u00e7o. Pense nas cores que mais te agradam. <b>Escolher m\u00f3veis modulados<\/b> \u00e9 quase como fazer uma assessoria de moda com o seu quarto. Por exemplo, se voc\u00ea \u00e9 do tipo minimalista, cores neutras e formas retas podem ser a escolha certeira. J\u00e1 se voc\u00ea prefere algo mais vibrante, n\u00e3o hesite nas cores mais fortes. O importante \u00e9 que a escolha reflita quem voc\u00ea \u00e9!<\/p>\n<h3>Dicas para Aproveitar Espa\u00e7os Pequenos com M\u00f3veis Modulados<\/h3>\n<p>Espa\u00e7o pequeno? Sem problema! Uma das melhores coisas dos m\u00f3dulos \u00e9 que eles s\u00e3o <b>perfeitos para otimizar pequenos ambientes<\/b>. Utilize prateleiras verticais para aproveitar a altura do espa\u00e7o e considere camas com gavetas embutidas. \u00c9 como se cada metro quadrado virasse um ponto de armazenagem. E a ilumina\u00e7\u00e3o? N\u00e3o esquece de ser criativo com lumin\u00e1rias que podem ser encaixadas nas prateleiras. Um charme s\u00f3!<\/p>\n<h3>Combina\u00e7\u00f5es de Cores e Materiais para M\u00f3veis Modulados<\/h3>\n<p><img loading=\"lazy\" decoding=\"async\" src=\"https:\/\/www.arquitetoalexandresouza.com.br\/blog\/wp-content\/uploads\/2024\/10\/Revelacoes-sobre-Moveis-Modulados-para-Quartos-em-202403.jpg\" alt=\"moveis modulados quarto\" width=\"1024\" height=\"1024\" title=\"\"><\/p>\n<p>Agora, vamos falar de algo divertido: a combina\u00e7\u00e3o de cores e materiais. Voc\u00ea j\u00e1 viu como uma cor certa pode mudar todo o ambiente? Escolher <b>misturas de madeira e metal<\/b> pode dar um ar moderno e r\u00fastico ao mesmo tempo. N\u00e3o tenha medo de experimentar! E n\u00e3o esque\u00e7a, um toque de cor pode fazer o m\u00f3vel se destacar, como aquela cereja no bolo. Mas cuidado para n\u00e3o exagerar. Menos \u00e9 mais, como diz o ditado, n\u00e3o \u00e9 mesmo?<\/p>\n<h3>Armazenamento Inteligente com M\u00f3veis Modulados<\/h3>\n<p><img loading=\"lazy\" decoding=\"async\" src=\"https:\/\/www.arquitetoalexandresouza.com.br\/blog\/wp-content\/uploads\/2024\/10\/Revelacoes-sobre-Moveis-Modulados-para-Quartos-em-20244.jpg\" alt=\"moveis modulados quarto\" width=\"1024\" height=\"1024\" title=\"\"><\/p>\n<p>Se tem uma coisa que a gente ama em m\u00f3veis modulados, \u00e9 a <b>possibilidade de armazenamento inteligente<\/b>. Imagine ter um arm\u00e1rio que se transforma em prateleira e, ao mesmo tempo, uma mesa de trabalho. E ainda mais, voc\u00ea pode colocar compartimentos escondidos para esconder a bagun\u00e7a. Esses m\u00f3veis s\u00e3o como aqueles truques de m\u00e1gica \u2013 o que parece simples, na verdade, esconde um mundo de possibilidades!<\/p>\n<h3>Tend\u00eancias de Design em M\u00f3veis Modulados para 2024<\/h3>\n<p>Olha, eu sempre fico de olho nas tend\u00eancias. E para 2024, a ideia central parece ser: <b>simplicidade e funcionalidade<\/b>. Os designs est\u00e3o mais limpos, com linhas retas e uma paleta de cores que favorece a tranquilidade. E o uso de materiais sustent\u00e1veis t\u00e1 crescendo, trazendo uma pegada mais consciente. Vou confessar, os m\u00f3veis modulares tornaram-se quase os her\u00f3is do nosso lar, trazendo beleza e funcionalidade juntos. Um verdadeiro casamento!<\/p>\n<h3>Cuidados e Manuten\u00e7\u00e3o de M\u00f3veis Modulados<\/h3>\n<p>Finalmente, depois de investir nesses m\u00f3veis maravilhosos, voc\u00ea n\u00e3o quer que eles fiquem judiados, s\u00f3 porque esqueceu de dar uma limpada, n\u00e9? A manuten\u00e7\u00e3o \u00e9 bem simples. Um pano \u00famido e detergente neutro j\u00e1 fazem milagres. E pro dia a dia, uma pitada de carinho e aten\u00e7\u00e3o garantem que eles permane\u00e7am com cara de novos. S\u00e9rio, vai dizer que voc\u00ea n\u00e3o se sente feliz quando v\u00ea tudo brilhando?<\/p>\n<h2>Conclus\u00e3o: Invista em M\u00f3veis Modulados e Transforme Seu Quarto<\/h2>\n<p>Ent\u00e3o, se voc\u00ea est\u00e1 pensando em fazer essa troca, eu s\u00f3 digo uma coisa: <b>invista em m\u00f3veis modulados para o seu quarto<\/b>. Eles s\u00e3o a solu\u00e7\u00e3o para a organiza\u00e7\u00e3o e podem dar aquele toque especial que todo mundo ama. Quando voc\u00ea v\u00ea seu espa\u00e7o t\u00e3o bem aproveitado e bonito, d\u00e1 vontade de entrar e nunca mais sair. Ent\u00e3o, v\u00e1 em frente, fa\u00e7a essa transforma\u00e7\u00e3o e curta seu novo cantinho!<\/p>\n<p>Ah, e n\u00e3o esque\u00e7a: o quarto \u00e9 o seu santu\u00e1rio. Cuide bem dele!<\/p>\n<\/h3>\n<\/h3>\n<\/h3>\n<\/h3>\n<\/h3>\n<\/h3>\n<\/h3>\n<\/h3>\n<\/h3>\n<\/h3>\n<\/h3>\n<\/h3>\n<\/h3>\n","protected":false},"excerpt":{"rendered":"<p>Descubra como os m\u00f3veis modulados para quartos em 2024 podem transformar o espa\u00e7o do seu quarto, oferecendo versatilidade e estilo aliado a uma organiza\u00e7\u00e3o pr\u00e1tica. Aprenda dicas inteligentes para maximizar cada metro quadrado de forma funcional e est\u00e9tica. O que s\u00e3o M\u00f3veis Modulados? Sabe quando voc\u00ea entra em um quarto t\u00e3o bem organizado que d\u00e1 [&hellip;]<\/p>\n","protected":false},"author":1,"featured_media":33416,"comment_status":"closed","ping_status":"closed","sticky":false,"template":"","format":"standard","meta":{"footnotes":""},"categories":[4],"tags":[],"_links":{"self":[{"href":"https:\/\/www.arquitetoalexandresouza.com.br\/blog\/wp-json\/wp\/v2\/posts\/38712"}],"collection":[{"href":"https:\/\/www.arquitetoalexandresouza.com.br\/blog\/wp-json\/wp\/v2\/posts"}],"about":[{"href":"https:\/\/www.arquitetoalexandresouza.com.br\/blog\/wp-json\/wp\/v2\/types\/post"}],"author":[{"embeddable":true,"href":"https:\/\/www.arquitetoalexandresouza.com.br\/blog\/wp-json\/wp\/v2\/users\/1"}],"replies":[{"embeddable":true,"href":"https:\/\/www.arquitetoalexandresouza.com.br\/blog\/wp-json\/wp\/v2\/comments?post=38712"}],"version-history":[{"count":0,"href":"https:\/\/www.arquitetoalexandresouza.com.br\/blog\/wp-json\/wp\/v2\/posts\/38712\/revisions"}],"wp:featuredmedia":[{"embeddable":true,"href":"https:\/\/www.arquitetoalexandresouza.com.br\/blog\/wp-json\/wp\/v2\/media\/33416"}],"wp:attachment":[{"href":"https:\/\/www.arquitetoalexandresouza.com.br\/blog\/wp-json\/wp\/v2\/media?parent=38712"}],"wp:term":[{"taxonomy":"category","embeddable":true,"href":"https:\/\/www.arquitetoalexandresouza.com.br\/blog\/wp-json\/wp\/v2\/categories?post=38712"},{"taxonomy":"post_tag","embeddable":true,"href":"https:\/\/www.arquitetoalexandresouza.com.br\/blog\/wp-json\/wp\/v2\/tags?post=38712"}],"curies":[{"name":"wp","href":"https:\/\/api.w.org\/{rel}","templated":true}]}}