{"id":38752,"date":"2024-10-20T20:52:27","date_gmt":"2024-10-20T23:52:27","guid":{"rendered":"https:\/\/www.arquitetoalexandresouza.com.br\/blog\/como-a-porta-balcao-ideal-pode-transformar-seu-quarto\/"},"modified":"2024-10-20T20:52:27","modified_gmt":"2024-10-20T23:52:27","slug":"como-a-porta-balcao-ideal-pode-transformar-seu-quarto","status":"publish","type":"post","link":"https:\/\/www.arquitetoalexandresouza.com.br\/blog\/como-a-porta-balcao-ideal-pode-transformar-seu-quarto\/","title":{"rendered":"Como a porta balc\u00e3o ideal pode transformar seu quarto"},"content":{"rendered":"<p>Escolher a porta balc\u00e3o perfeita pro seu quarto pode ser a receita m\u00e1gica pra transformar o ambiente, trazer mais luz e uma sensa\u00e7\u00e3o de amplitude. E pode acreditar, mudar a porta \u00e9 como dar uma nova cara pra sua casa, quase como um banho de loja na sua vida!<\/p>\n<h3>Pontos principais:<\/h3>\n<p><img loading=\"lazy\" decoding=\"async\" src=\"https:\/\/www.arquitetoalexandresouza.com.br\/blog\/wp-content\/uploads\/2024\/10\/como-a-porta-balcao-ideal-pode-transformar-seu-quarto-em-202301.jpg\" alt=\"porta balc\u00e3o para quarto\" width=\"1024\" height=\"1024\" title=\"\"><\/p>\n<ul>\n<li><b>O que \u00e9 uma porta balc\u00e3o?<\/b> Uma porta que permite acesso a varandas ou \u00e1reas externas, contando com design que valoriza a luz natural e a ventila\u00e7\u00e3o.<\/li>\n<li><b>Vantagens da porta balc\u00e3o no quarto<\/b> incluem mais luz, ar fresco, e a sensa\u00e7\u00e3o de um espa\u00e7o mais amplo, tudo isso sem muito esfor\u00e7o.<\/li>\n<li><b>Estilos e materiais variam<\/b> de acordo com o gosto e o espa\u00e7o dispon\u00edvel, trazendo toques diferentes de eleg\u00e2ncia e aconchego.<\/li>\n<\/ul>\n<h3>1. O que \u00e9 uma porta balc\u00e3o?<\/h3>\n<p>Bom, pra come\u00e7ar, a <b>porta balc\u00e3o<\/b> \u00e9 um tipo de porta que geralmente se abre de uma forma que possibilita uma grande \u00e1rea de vidro, permitindo tanto a entrada de luz quanto a sa\u00edda para varandas ou p\u00e1tios. Pense nela como um portal m\u00e1gico que leva voc\u00ea a um espa\u00e7o ensolarado e fresco, como abrir um presente de anivers\u00e1rio e encontrar um bolo de chocolate dentro!<\/p>\n<h3>2. Vantagens da porta balc\u00e3o no quarto<\/h3>\n<p><img loading=\"lazy\" decoding=\"async\" src=\"https:\/\/www.arquitetoalexandresouza.com.br\/blog\/wp-content\/uploads\/2024\/10\/como-a-porta-balcao-ideal-pode-transformar-seu-quarto-em-202302.jpg\" alt=\"porta balc\u00e3o para quarto\" width=\"1024\" height=\"1024\" title=\"\"><\/p>\n<p>Agora, as vantagens\u2026 Ah, s\u00e3o muitas! Primeiramente, quem n\u00e3o adora <b>ilumina\u00e7\u00e3o natural<\/b>? Ter uma porta balc\u00e3o no quarto \u00e9 como ter um raio de sol sempre ao seu lado. E n\u00e3o vamos esquecer da ventila\u00e7\u00e3o; imagine s\u00f3 o ar fresco entrando, especialmente no ver\u00e3o. \u00c9 como ter um ventilador natural! E, claro, um ambiente mais amplo faz voc\u00ea se sentir que est\u00e1 dominando o mundo, ou pelo menos o seu quarto!<\/p>\n<h3>3. Tipos de portas balc\u00e3o para diferentes decora\u00e7\u00f5es<\/h3>\n<p>As op\u00e7\u00f5es s\u00e3o t\u00e3o diversas quanto as coberturas de pizza! Desde as portas de correr, que deslizam suavemente como patinadores no gelo, at\u00e9 as portas de abrir, que se abrem como bra\u00e7os familiares em um reencontro. Voc\u00ea escolhe o que se encaixa melhor no seu espa\u00e7o. Tem mais, as portas de vidro s\u00e3o como janelas ao mundo, enquanto as de madeira trazem aquele toque quentinho que todo mundo ama.<\/p>\n<h3>4. Materiais e suas durabilidades<\/h3>\n<p><img loading=\"lazy\" decoding=\"async\" src=\"https:\/\/www.arquitetoalexandresouza.com.br\/blog\/wp-content\/uploads\/2024\/10\/como-a-porta-balcao-ideal-pode-transformar-seu-quarto-em-202303.jpg\" alt=\"porta balc\u00e3o para quarto\" width=\"1024\" height=\"1024\" title=\"\"><\/p>\n<p>Vamos falar dos <b>materiais<\/b> agora, porque \u00e9 fundamental escolher com cuidado. Madeira traz personalidade e calor, vidro transmite eleg\u00e2ncia &#8211; sim, voc\u00ea pode brilhar! E quem pode esquecer o PVC? \u00c9 resistente e pr\u00e1tico, perfeito pra quem n\u00e3o quer dor de cabe\u00e7a com manuten\u00e7\u00e3o. Pense nisso: seu quarto pode ser o estrelato de sua pr\u00f3pria novela, mas voc\u00ea precisa escolher o elenco certo!<\/p>\n<h3>5. A import\u00e2ncia da ilumina\u00e7\u00e3o natural<\/h3>\n<p><img loading=\"lazy\" decoding=\"async\" src=\"https:\/\/www.arquitetoalexandresouza.com.br\/blog\/wp-content\/uploads\/2024\/10\/como-a-porta-balcao-ideal-pode-transformar-seu-quarto-em-20234.jpg\" alt=\"porta balc\u00e3o para quarto\" width=\"1024\" height=\"1024\" title=\"\"><\/p>\n<p>Ah, a luz natural&#8230; \u00c9 como aquela legenda perfeita pra foto no Instagram! Al\u00e9m de deixar tudo mais bonito, <b>ajuda no bem-estar<\/b>, saca? A luz do sol melhora o humor e, convenhamos, quem n\u00e3o quer se sentir bem no pr\u00f3prio lar? Ela tamb\u00e9m real\u00e7a as cores da decora\u00e7\u00e3o e faz tudo parecer mais arejado. Se voc\u00ea t\u00e1 na d\u00favida, coloca uma porta balc\u00e3o e assume o controle da luminosidade na sua vida.<\/p>\n<h3>6. Como escolher a porta balc\u00e3o ideal para seu espa\u00e7o<\/h3>\n<p>Escolher a porta certa \u00e9 t\u00e3o importante quanto escolher a roupa no dia de uma festa. A primeira coisa que voc\u00ea deve avaliar s\u00e3o as <b>medidas<\/b>. N\u00e3o quero ver voc\u00ea comprando uma porta gigante e n\u00e3o conseguir abrir, hein? Me\u00e7a tudo com carinho e consulte um profissional se precisar. Eles podem ser como o barista da sua cafeteria favorita: sempre prontos pra ajudar na escolha correta!<\/p>\n<h3>7. Dicas de instala\u00e7\u00e3o e manuten\u00e7\u00e3o<\/h3>\n<p>Instala\u00e7\u00e3o! Essa parte pode ser t\u00e3o divertida quanto um quebra-cabe\u00e7a, desde que voc\u00ea siga o manual como se fosse um roteiro de filme de aventura. Se a ideia de instalar sozinha te faz suar frio, talvez seja melhor chamar um especialista. A manuten\u00e7\u00e3o, por outro lado, pode ser simples como trocar um carro de marcha: limpe a porta regularmente e, se notar algo errado, trate logo, como um bom tratamento de beleza!<\/p>\n<h3>8. Transformando o ambiente com acess\u00f3rios<\/h3>\n<p>Pra finalizar, vamos falar sobre como os <b>acess\u00f3rios<\/b> podem realmente transformar o ambiente. Que tal colocar uma poltrona ao lado da porta balc\u00e3o e criar um cantinho de leitura? Ou usar cortinas leves que dan\u00e7am com o vento, dando aquele ar de calmaria? Os detalhes fazem toda a diferen\u00e7a, e lembre-se, seu quarto \u00e9 a sua hist\u00f3ria &#8211; escreva com estilo!<\/p>\n<h3>Conclus\u00e3o: A porta balc\u00e3o como elemento de transforma\u00e7\u00e3o no seu quarto<\/h3>\n<p>Ent\u00e3o, pra encerrar, a escolha da <b>porta balc\u00e3o perfeita<\/b> \u00e9 muito mais do que simplesmente escolher um objeto. \u00c9 sobre como ela pode transformar seu espa\u00e7o, fazer voc\u00ea se sentir bem e garantir que voc\u00ea sempre tenha um cantinho ensolarado e arejado. Vamos l\u00e1, meu amigo, aproveite a luz e d\u00ea um novo ar ao seu quarto. Afinal, se sua casa \u00e9 seu santu\u00e1rio, que tal deix\u00e1-lo ainda mais bonito e aconchegante?<\/p>\n<p>&nbsp;<\/h3>\n<\/h3>\n<\/h3>\n<\/h3>\n<\/h3>\n<\/h3>\n<\/h3>\n<\/h3>\n<\/h3>\n<\/h3>\n<\/h3>\n","protected":false},"excerpt":{"rendered":"<p>Escolher a porta balc\u00e3o perfeita pro seu quarto pode ser a receita m\u00e1gica pra transformar o ambiente, trazer mais luz e uma sensa\u00e7\u00e3o de amplitude. E pode acreditar, mudar a porta \u00e9 como dar uma nova cara pra sua casa, quase como um banho de loja na sua vida! Pontos principais: O que \u00e9 uma [&hellip;]<\/p>\n","protected":false},"author":1,"featured_media":33240,"comment_status":"closed","ping_status":"closed","sticky":false,"template":"","format":"standard","meta":{"footnotes":""},"categories":[4],"tags":[],"_links":{"self":[{"href":"https:\/\/www.arquitetoalexandresouza.com.br\/blog\/wp-json\/wp\/v2\/posts\/38752"}],"collection":[{"href":"https:\/\/www.arquitetoalexandresouza.com.br\/blog\/wp-json\/wp\/v2\/posts"}],"about":[{"href":"https:\/\/www.arquitetoalexandresouza.com.br\/blog\/wp-json\/wp\/v2\/types\/post"}],"author":[{"embeddable":true,"href":"https:\/\/www.arquitetoalexandresouza.com.br\/blog\/wp-json\/wp\/v2\/users\/1"}],"replies":[{"embeddable":true,"href":"https:\/\/www.arquitetoalexandresouza.com.br\/blog\/wp-json\/wp\/v2\/comments?post=38752"}],"version-history":[{"count":0,"href":"https:\/\/www.arquitetoalexandresouza.com.br\/blog\/wp-json\/wp\/v2\/posts\/38752\/revisions"}],"wp:featuredmedia":[{"embeddable":true,"href":"https:\/\/www.arquitetoalexandresouza.com.br\/blog\/wp-json\/wp\/v2\/media\/33240"}],"wp:attachment":[{"href":"https:\/\/www.arquitetoalexandresouza.com.br\/blog\/wp-json\/wp\/v2\/media?parent=38752"}],"wp:term":[{"taxonomy":"category","embeddable":true,"href":"https:\/\/www.arquitetoalexandresouza.com.br\/blog\/wp-json\/wp\/v2\/categories?post=38752"},{"taxonomy":"post_tag","embeddable":true,"href":"https:\/\/www.arquitetoalexandresouza.com.br\/blog\/wp-json\/wp\/v2\/tags?post=38752"}],"curies":[{"name":"wp","href":"https:\/\/api.w.org\/{rel}","templated":true}]}}