{"id":38782,"date":"2024-10-22T08:52:37","date_gmt":"2024-10-22T11:52:37","guid":{"rendered":"https:\/\/www.arquitetoalexandresouza.com.br\/blog\/garagem-de-2-carros-segredos-para-um-espaco-surpreendentemente-funcional-e-moderno\/"},"modified":"2024-10-22T08:52:37","modified_gmt":"2024-10-22T11:52:37","slug":"garagem-de-2-carros-segredos-para-um-espaco-surpreendentemente-funcional-e-moderno","status":"publish","type":"post","link":"https:\/\/www.arquitetoalexandresouza.com.br\/blog\/garagem-de-2-carros-segredos-para-um-espaco-surpreendentemente-funcional-e-moderno\/","title":{"rendered":"Garagem de 2 Carros: Segredos para um Espa\u00e7o Surpreendentemente Funcional e Moderno."},"content":{"rendered":"<p>Transformar sua garagem de 2 carros em um espa\u00e7o funcional e moderno \u00e9 mais f\u00e1cil do que se pensa. Com algumas dicas e truques, \u00e9 poss\u00edvel otimizar o espa\u00e7o, melhorar a organiza\u00e7\u00e3o e dar um toque de sofistica\u00e7\u00e3o ao ambiente. Vamos juntos explorar como fazer isso!<\/p>\n<h3>Pontos principais:<\/h3>\n<p><img loading=\"lazy\" decoding=\"async\" src=\"https:\/\/www.arquitetoalexandresouza.com.br\/blog\/wp-content\/uploads\/2024\/10\/garagem-de-2-carros-segredos-para-espaco-funcional-moderno01.jpg\" alt=\"tamanho garagem 2 carros\" width=\"1024\" height=\"1024\" title=\"\"><\/p>\n<ul>\n<li><b>Planejamento do Espa\u00e7o:<\/b> \u00c9 essencial definir as dimens\u00f5es corretas e a localiza\u00e7\u00e3o ideal para ter um espa\u00e7o pr\u00e1tico e funcional.<\/li>\n<li><b>Aproveitamento Vertical:<\/b> Utilizar as paredes e o teto pode aumentar muito a capacidade de armazenamento e manter tudo organizado.<\/li>\n<li><b>Decora\u00e7\u00e3o Personalizada:<\/b> Adicionar um toque pessoal garante que o ambiente fique confort\u00e1vel e refletindo seu estilo.<\/li>\n<\/ul>\n<h3>1. Planejamento do Espa\u00e7o<\/h3>\n<p>Quando se trata de planejar a garagem, eu sempre digo: <b>medidas s\u00e3o tudo!<\/b> Para que voc\u00ea consiga manobrar seus dois carros sem bater em cada esquina, a regra \u00e9 clara: pelo menos <b>6 metros de largura por 6 metros de profundidade<\/b>. E, claro, <b>deixe um espa\u00e7o de 1 metro entre eles<\/b>. Afinal, abrir as portas dos carros e dar aquela esticada nas pernas deve ser um prazer, n\u00e3o uma tortura!<\/p>\n<h3>2. Escolhendo o Mobili\u00e1rio Ideal<\/h3>\n<p><img loading=\"lazy\" decoding=\"async\" src=\"https:\/\/www.arquitetoalexandresouza.com.br\/blog\/wp-content\/uploads\/2024\/10\/garagem-de-2-carros-segredos-para-espaco-funcional-moderno02.jpg\" alt=\"tamanho garagem 2 carros\" width=\"1024\" height=\"1024\" title=\"\"><\/p>\n<p>Agora, vamos falar sobre o <b>mobili\u00e1rio<\/b>. Sacou como esse detalhe pode fazer a diferen\u00e7a? Seja uma bancada para aqueles projetos de DIY ou arm\u00e1rios bem organizados, o que importa \u00e9 escolher pe\u00e7as que sejam funcionais e que, de quebra, deixem a garagem com um ar mais moderno. Lembre-se de que voc\u00ea pode usar isso como um <b>espa\u00e7o multifuncional<\/b>, e quem n\u00e3o ama ter um lugar para tudo?<\/p>\n<h3>3. Ilumina\u00e7\u00e3o Estrat\u00e9gica<\/h3>\n<p>Ah, e a <b>ilumina\u00e7\u00e3o<\/b>? Com tantos cantinhos e arm\u00e1rios que podem parecer sombrios, \u00e9 crucial pensar nisso! Uma ilumina\u00e7\u00e3o natural sempre d\u00e1 aquele charme, mas se a garagem n\u00e3o tiver janelas, o jeito \u00e9 apostar em luzes LED. \u00c9 como se a garagem estivesse sorrindo para voc\u00ea ao inv\u00e9s de te engolir na escurid\u00e3o!<\/p>\n<h3>4. Solu\u00e7\u00f5es de Armazenamento Inteligentes<\/h3>\n<p><img loading=\"lazy\" decoding=\"async\" src=\"https:\/\/www.arquitetoalexandresouza.com.br\/blog\/wp-content\/uploads\/2024\/10\/garagem-de-2-carros-segredos-para-espaco-funcional-moderno03.jpg\" alt=\"tamanho garagem 2 carros\" width=\"1024\" height=\"1024\" title=\"\"><\/p>\n<p>Vamos falar sobre <b>armazenamento inteligente<\/b>. Acredite, utilizar prateleiras e suportes na parede pode fazer maravilhas! Eu mesmo j\u00e1 vi garagens que se transformaram de verdade em \u00e1reas incr\u00edveis s\u00f3 por conta dessas solu\u00e7\u00f5es. Ganchos para ferramentas, prateleiras para estocar produtos de limpeza, deixa tudo ao alcance da m\u00e3o e ainda d\u00e1 aquela organizada!<\/p>\n<h3>5. Materiais Modernos e Sustent\u00e1veis<\/h3>\n<p><img loading=\"lazy\" decoding=\"async\" src=\"https:\/\/www.arquitetoalexandresouza.com.br\/blog\/wp-content\/uploads\/2024\/10\/garagem-de-2-carros-segredos-para-espaco-funcional-moderno4.jpg\" alt=\"tamanho garagem 2 carros\" width=\"1024\" height=\"1024\" title=\"\"><\/p>\n<p>Voc\u00ea j\u00e1 reparou na quantidade de materiais incr\u00edveis que existem hoje em dia? Por que n\u00e3o optar por <b>materiais sustent\u00e1veis<\/b>? Isso significa que sua garagem pode ser moderna e, ao mesmo tempo, amiga do meio ambiente. E quem n\u00e3o gosta de um \u201ctapa\u201d na consci\u00eancia, n\u00e3o \u00e9 mesmo?<\/p>\n<h3>6. Decora\u00e7\u00e3o que Reflete Seu Estilo<\/h3>\n<p>Decora\u00e7\u00e3o \u00e9 algo s\u00e9rio, minha gente! N\u00e3o d\u00e1 para deixar a garagem com cara de triste. \u00c9 hora de <b>refletir seu estilo pessoal<\/b>. Escolha cores que te fazem feliz ou quadros que te inspiram. Uma garagem pode ser um espa\u00e7o que voc\u00ea ama e que, de quebra, refletir\u00e1 quem voc\u00ea \u00e9. Uma decora\u00e7\u00e3o bacana \u00e9 como jogar um carinho em um espa\u00e7o que pode ser t\u00e3o personagens quanto voc\u00ea!<\/p>\n<h3>7. Aproveitamento do Espa\u00e7o Vertical<\/h3>\n<p>Planejou o espa\u00e7o? \u00d3timo, agora vamos aproveitar o <b>vertical<\/b>! Muitas vezes, deixamos as paredes esquecidas. Brincar com prateleiras altas ou at\u00e9 mesmo um mezanino pode ser uma \u00f3tima solu\u00e7\u00e3o para quem precisa de mais espa\u00e7o. Pense nisso como criar um <b>teto de oportunidades<\/b>!<\/p>\n<h3>8. Manuten\u00e7\u00e3o e Organiza\u00e7\u00e3o Cont\u00ednua<\/h3>\n<p>Por \u00faltimo, mas definitivamente n\u00e3o menos importante: <b>manuten\u00e7\u00e3o e organiza\u00e7\u00e3o<\/b>. Manter sua garagem limpa e arrumada \u00e9 uma tarefa que vale a pena. Uma vez por m\u00eas, fa\u00e7a uma vistoria, tire o que n\u00e3o usa mais, limpe as superf\u00edcies. Acredite, um espa\u00e7o organizado sempre traz inspira\u00e7\u00e3o! Afinal, quem deseja achar um trapo enquanto procura a chave do carro?<\/p>\n<h2>Conclus\u00e3o<\/h2>\n<p>Olha, quem diria que a garagem poderia ser um espa\u00e7o t\u00e3o poderoso e \u00fatil, n\u00e3o \u00e9 mesmo? Com planejamento adequado, um toque de criatividade e um pouquinho de esfor\u00e7o, sua garagem pode se transformar em um verdadeiro <b>ref\u00fagio funcional<\/b>. Agora, \u00e9 s\u00f3 <b>colocar a m\u00e3o na massa<\/b>, deixar a pregui\u00e7a de lado e dar cara nova ao seu cantinho. E lembre-se: uma garagem feliz \u00e9 uma casa feliz!<\/p>\n<\/h3>\n<\/h3>\n<\/h3>\n<\/h3>\n<\/h3>\n<\/h3>\n<\/h3>\n<\/h3>\n<\/h3>\n<\/h3>\n<\/h3>\n<\/h3>\n","protected":false},"excerpt":{"rendered":"<p>Transformar sua garagem de 2 carros em um espa\u00e7o funcional e moderno \u00e9 mais f\u00e1cil do que se pensa. Com algumas dicas e truques, \u00e9 poss\u00edvel otimizar o espa\u00e7o, melhorar a organiza\u00e7\u00e3o e dar um toque de sofistica\u00e7\u00e3o ao ambiente. Vamos juntos explorar como fazer isso! Pontos principais: Planejamento do Espa\u00e7o: \u00c9 essencial definir as [&hellip;]<\/p>\n","protected":false},"author":1,"featured_media":33186,"comment_status":"closed","ping_status":"closed","sticky":false,"template":"","format":"standard","meta":{"footnotes":""},"categories":[4],"tags":[],"_links":{"self":[{"href":"https:\/\/www.arquitetoalexandresouza.com.br\/blog\/wp-json\/wp\/v2\/posts\/38782"}],"collection":[{"href":"https:\/\/www.arquitetoalexandresouza.com.br\/blog\/wp-json\/wp\/v2\/posts"}],"about":[{"href":"https:\/\/www.arquitetoalexandresouza.com.br\/blog\/wp-json\/wp\/v2\/types\/post"}],"author":[{"embeddable":true,"href":"https:\/\/www.arquitetoalexandresouza.com.br\/blog\/wp-json\/wp\/v2\/users\/1"}],"replies":[{"embeddable":true,"href":"https:\/\/www.arquitetoalexandresouza.com.br\/blog\/wp-json\/wp\/v2\/comments?post=38782"}],"version-history":[{"count":0,"href":"https:\/\/www.arquitetoalexandresouza.com.br\/blog\/wp-json\/wp\/v2\/posts\/38782\/revisions"}],"wp:featuredmedia":[{"embeddable":true,"href":"https:\/\/www.arquitetoalexandresouza.com.br\/blog\/wp-json\/wp\/v2\/media\/33186"}],"wp:attachment":[{"href":"https:\/\/www.arquitetoalexandresouza.com.br\/blog\/wp-json\/wp\/v2\/media?parent=38782"}],"wp:term":[{"taxonomy":"category","embeddable":true,"href":"https:\/\/www.arquitetoalexandresouza.com.br\/blog\/wp-json\/wp\/v2\/categories?post=38782"},{"taxonomy":"post_tag","embeddable":true,"href":"https:\/\/www.arquitetoalexandresouza.com.br\/blog\/wp-json\/wp\/v2\/tags?post=38782"}],"curies":[{"name":"wp","href":"https:\/\/api.w.org\/{rel}","templated":true}]}}