{"id":38827,"date":"2024-10-24T14:53:12","date_gmt":"2024-10-24T17:53:12","guid":{"rendered":"https:\/\/www.arquitetoalexandresouza.com.br\/blog\/transformando-sua-garagem-em-um-espaco-de-2-carros-dicas-inesperadas-de-especialistas\/"},"modified":"2024-10-24T14:53:12","modified_gmt":"2024-10-24T17:53:12","slug":"transformando-sua-garagem-em-um-espaco-de-2-carros-dicas-inesperadas-de-especialistas","status":"publish","type":"post","link":"https:\/\/www.arquitetoalexandresouza.com.br\/blog\/transformando-sua-garagem-em-um-espaco-de-2-carros-dicas-inesperadas-de-especialistas\/","title":{"rendered":"Transformando sua garagem em um espa\u00e7o de 2 carros: Dicas inesperadas de especialistas."},"content":{"rendered":"<p>Transformar sua garagem em um espa\u00e7o que comporta dois carros pode ser mais simples do que voc\u00ea imagina. Afinal, \u00e9 tudo uma quest\u00e3o de planejamento e otimiza\u00e7\u00e3o. Eu, pessoalmente, sempre procurei maneiras de melhorar a funcionalidade da minha garagem e, com algumas dicas, voc\u00ea pode fazer o mesmo. Vamos l\u00e1!<\/p>\n<h3>Pontos principais:<\/h3>\n<p><img loading=\"lazy\" decoding=\"async\" src=\"https:\/\/www.arquitetoalexandresouza.com.br\/blog\/wp-content\/uploads\/2024\/10\/transformando-sua-garagem-em-um-espaco-de-2-carros01.jpg\" alt=\"largura garagem 2 carros\" width=\"1024\" height=\"1024\" title=\"\"><\/p>\n<ul>\n<li><b>A largura ideal \u00e9 fundamental<\/b>: Escolher o tamanho certo para sua garagem facilita manobras e entradas.<\/li>\n<li><b>Armazenamento inteligente \u00e9 a chave<\/b>: Utilizar prateleiras e suportes ajuda a ganhar espa\u00e7o.<\/li>\n<li><b>Ilumina\u00e7\u00e3o e decora\u00e7\u00e3o fazem diferen\u00e7a<\/b>: Um bom ambiente torna a garagem mais agrad\u00e1vel e pr\u00e1tica.<\/li>\n<\/ul>\n<p>A <b>garagem<\/b> pode ser um dos espa\u00e7os mais subestimados da casa, mas tem um potencial gigante! Imagine s\u00f3: um lugar n\u00e3o apenas para estacionar os carros, mas tamb\u00e9m para armazenar ferramentas, bicicletas e at\u00e9 um cantinho de trabalho. Yeah, parece bom, n\u00e9? E a **largura ideal** da sua garagem faz toda a diferen\u00e7a. Neste artigo, vou te guiar atrav\u00e9s dos passos necess\u00e1rios para criar um espa\u00e7o funcional, confort\u00e1vel e pr\u00e1tico para dois ve\u00edculos.<\/p>\n<h3>Avalie o Espa\u00e7o Dispon\u00edvel<\/h3>\n<p>Antes de tudo, precisamos entender o que temos em m\u00e3os, certo? <b>Medir o espa\u00e7o dispon\u00edvel<\/b> \u00e9 o primeiro passo. Me lembro de uma vez que tentei encaixar dois carros em uma garagem menor que meu sonho de trabalhar como chef de cozinha! Confesso que foi um verdadeiro quebra-cabe\u00e7a. Para n\u00e3o acabar na mesma situa\u00e7\u00e3o, comece pelas medidas, porque um espa\u00e7o bem avaliado \u00e9 o alicerce para um bom planejamento.<\/p>\n<h3>Planejamento do Layout<\/h3>\n<p><img loading=\"lazy\" decoding=\"async\" src=\"https:\/\/www.arquitetoalexandresouza.com.br\/blog\/wp-content\/uploads\/2024\/10\/transformando-sua-garagem-em-um-espaco-de-2-carros02.jpg\" alt=\"largura garagem 2 carros\" width=\"1024\" height=\"1024\" title=\"\"><\/p>\n<p>A ideia aqui \u00e9 criar uma \u00e1rea que n\u00e3o s\u00f3 comporte os carros, mas que seja funcional. <b>Planejar o layout<\/b> da garagem \u00e9 como montar um quebra-cabe\u00e7a em tamanho grande. No meu caso, desempenho melhor quando coloco o carro que uso mais na frente e o outro um pouquinho mais para tr\u00e1s. Dica pr\u00e1tica: use fita adesiva no ch\u00e3o para marcar onde cada carro deve ficar. Assim, voc\u00ea consegue visualizar melhor como ficar\u00e1.<\/p>\n<h3>Armazenamento Inteligente<\/h3>\n<p>Olha, se voc\u00ea quer uma garagem funcional, storage \u00e9 a palavra de ordem. Prateleiras, ganchos na parede e caixas organizadoras podem transformar sua garagem num verdadeiro <b>ref\u00fagio<\/b> de praticidade. J\u00e1 tentei guardar tudo em uma caixa e, c\u00e1 entre n\u00f3s, foi um caos! Hoje, uso caixas transparentes e etiquetas. Faz toda a diferen\u00e7a. Ah, e pendurar as bicicletas na parede libera muito espa\u00e7o no ch\u00e3o!<\/p>\n<h3>Ilumina\u00e7\u00e3o Adequada<\/h3>\n<p><img loading=\"lazy\" decoding=\"async\" src=\"https:\/\/www.arquitetoalexandresouza.com.br\/blog\/wp-content\/uploads\/2024\/10\/transformando-sua-garagem-em-um-espaco-de-2-carros03.jpg\" alt=\"largura garagem 2 carros\" width=\"1024\" height=\"1024\" title=\"\"><\/p>\n<p>Nada pior do que entrar em uma garagem escura e sem vida, n\u00e9? Ent\u00e3o, a <b>ilumina\u00e7\u00e3o<\/b> se torna essencial. Usar l\u00e2mpadas LED pode ajudar na clareza e ainda economizar energia. Eu gosto de colocar arandelas na parede para dar aquele charme e evitar sombras que parecem monstros. Afinal, quem precisa de monstros na garagem?<\/p>\n<h3>Manuten\u00e7\u00e3o do Piso<\/h3>\n<p><img loading=\"lazy\" decoding=\"async\" src=\"https:\/\/www.arquitetoalexandresouza.com.br\/blog\/wp-content\/uploads\/2024\/10\/transformando-sua-garagem-em-um-espaco-de-2-carros4.jpg\" alt=\"largura garagem 2 carros\" width=\"1024\" height=\"1024\" title=\"\"><\/p>\n<p>J\u00e1 pensou em estacionar seu carro e escorregar feito um pinguim logo em seguida? Por isso, a **manuten\u00e7\u00e3o do piso** \u00e9 crucial! Existem revestimentos antiderrapantes que oferecem mais seguran\u00e7a e, de quebra, deixam a garagem mais bonita. Eu sempre opto por adicionar um acabamento que facilite a limpeza, pois, convenhamos, ningu\u00e9m quer gastar o s\u00e1bado lutando contra a sujeira!<\/p>\n<h3>Escolha os Port\u00f5es Certos<\/h3>\n<p>Se voc\u00ea achar que a porta da sua garagem \u00e9 apenas uma entrada para os carros, est\u00e1 na hora de repensar. O <b>port\u00e3o<\/b> pode ser tanto pr\u00e1tico quanto bonito. Desde modelos basculantes a persianas, o importante \u00e9 que ele fa\u00e7a sentido com seu espa\u00e7o e estilo de vida. Ah, e n\u00e3o se esque\u00e7a da seguran\u00e7a, hein? Um bom port\u00e3o \u00e9 como um bom guarda-costas para seus ve\u00edculos!<\/p>\n<h3>Uso de Cores e Decora\u00e7\u00e3o<\/h3>\n<p>Vamos dar um toque especial a esse espa\u00e7o? Pintar as paredes com cores claras pode ajudar a ampliar o espa\u00e7o visualmente. Eu gosto de adicionar alguns detalhes que me representam \u2014 uma prateleira com plantas ou ferramentas bem organizadas. Isso d\u00e1 um charme e personalidade que todo mundo vai amar. <b>Menos \u00e9 mais<\/b>, mas uma parede colorida n\u00e3o faz mal a ningu\u00e9m! <\/p>\n<h3>Dicas de Seguran\u00e7a<\/h3>\n<p>N\u00e3o h\u00e1 nada mais precioso do que a seguran\u00e7a, certo? Investir em um sistema de <b>seguran\u00e7a<\/b> para a garagem \u00e9 essencial \u2014 alarmes, c\u00e2meras, at\u00e9 mesmo luzes que acendem ao detectar movimento. Um dos meus truques favoritos \u00e9 deixar o carro com o volante enterrado de acess\u00f3rios divertidos; assim, se algu\u00e9m entrar, vai levar um susto ao ver uma corrente de garrafinhas penduradas! \u00c9 pura prote\u00e7\u00e3o, garanto!<\/p>\n<h2>Conclus\u00e3o<\/h2>\n<p>Ent\u00e3o, voc\u00ea viu como a **largura ideal da garagem de 2 carros** \u00e9 vital! Esse espa\u00e7o pode muito mais do que um mero estacionamento. Com algumas ideias de planejamento e otimiza\u00e7\u00e3o, \u00e9 poss\u00edvel se transformar em um local funcional e acolhedor. Siga as dicas, use a creatividade e tenha sua garagem dos sonhos! Agora, bora colocar a m\u00e3o na massa e fazer desse cantinho um verdadeiro <b>o\u00e1sis de tranquilidade<\/b>. Afinal, quem n\u00e3o gostaria de um espa\u00e7o assim, n\u00e3o \u00e9 mesmo?<\/p>\n<\/h3>\n<\/h3>\n<\/h3>\n<\/h3>\n<\/h3>\n<\/h3>\n<\/h3>\n<\/h3>\n<\/h3>\n<\/h3>\n<\/h3>\n<\/h3>\n","protected":false},"excerpt":{"rendered":"<p>Transformar sua garagem em um espa\u00e7o que comporta dois carros pode ser mais simples do que voc\u00ea imagina. Afinal, \u00e9 tudo uma quest\u00e3o de planejamento e otimiza\u00e7\u00e3o. Eu, pessoalmente, sempre procurei maneiras de melhorar a funcionalidade da minha garagem e, com algumas dicas, voc\u00ea pode fazer o mesmo. Vamos l\u00e1! Pontos principais: A largura ideal [&hellip;]<\/p>\n","protected":false},"author":1,"featured_media":32846,"comment_status":"closed","ping_status":"closed","sticky":false,"template":"","format":"standard","meta":{"footnotes":""},"categories":[4],"tags":[],"_links":{"self":[{"href":"https:\/\/www.arquitetoalexandresouza.com.br\/blog\/wp-json\/wp\/v2\/posts\/38827"}],"collection":[{"href":"https:\/\/www.arquitetoalexandresouza.com.br\/blog\/wp-json\/wp\/v2\/posts"}],"about":[{"href":"https:\/\/www.arquitetoalexandresouza.com.br\/blog\/wp-json\/wp\/v2\/types\/post"}],"author":[{"embeddable":true,"href":"https:\/\/www.arquitetoalexandresouza.com.br\/blog\/wp-json\/wp\/v2\/users\/1"}],"replies":[{"embeddable":true,"href":"https:\/\/www.arquitetoalexandresouza.com.br\/blog\/wp-json\/wp\/v2\/comments?post=38827"}],"version-history":[{"count":0,"href":"https:\/\/www.arquitetoalexandresouza.com.br\/blog\/wp-json\/wp\/v2\/posts\/38827\/revisions"}],"wp:featuredmedia":[{"embeddable":true,"href":"https:\/\/www.arquitetoalexandresouza.com.br\/blog\/wp-json\/wp\/v2\/media\/32846"}],"wp:attachment":[{"href":"https:\/\/www.arquitetoalexandresouza.com.br\/blog\/wp-json\/wp\/v2\/media?parent=38827"}],"wp:term":[{"taxonomy":"category","embeddable":true,"href":"https:\/\/www.arquitetoalexandresouza.com.br\/blog\/wp-json\/wp\/v2\/categories?post=38827"},{"taxonomy":"post_tag","embeddable":true,"href":"https:\/\/www.arquitetoalexandresouza.com.br\/blog\/wp-json\/wp\/v2\/tags?post=38827"}],"curies":[{"name":"wp","href":"https:\/\/api.w.org\/{rel}","templated":true}]}}