{"id":38902,"date":"2024-10-28T08:52:39","date_gmt":"2024-10-28T11:52:39","guid":{"rendered":"https:\/\/www.arquitetoalexandresouza.com.br\/blog\/armario-quarto-modulado-tendencia-em-organizacao-domestica-para-surpreender-com-praticidade-e-estilo\/"},"modified":"2024-10-28T08:52:39","modified_gmt":"2024-10-28T11:52:39","slug":"armario-quarto-modulado-tendencia-em-organizacao-domestica-para-surpreender-com-praticidade-e-estilo","status":"publish","type":"post","link":"https:\/\/www.arquitetoalexandresouza.com.br\/blog\/armario-quarto-modulado-tendencia-em-organizacao-domestica-para-surpreender-com-praticidade-e-estilo\/","title":{"rendered":"Armario Quarto Modulado: Tend\u00eancia em Organiza\u00e7\u00e3o Dom\u00e9stica para Surpreender com Praticidade e Estilo."},"content":{"rendered":"<p>Um arm\u00e1rio modular \u00e9 a cereja do bolo quando se trata de organiza\u00e7\u00e3o e estilo no quarto. Imagine ter um espa\u00e7o arrumado, onde cada coisa tem seu lugar e, ainda por cima, \u00e9 tudo do seu jeitinho! Quando se fala em arm\u00e1rio modular, a palavra-chave \u00e9 <b>adaptabilidade<\/b>.<\/p>\n<ul>\n<li><strong>Pontos principais:<\/strong>\n<ul>\n<li><b>Flexibilidade e Personaliza\u00e7\u00e3o:<\/b> O arm\u00e1rio modular se ajusta ao seu espa\u00e7o e estilo, dando liberdade para brincar com as configura\u00e7\u00f5es.<\/li>\n<li><b>Maximiza\u00e7\u00e3o do Espa\u00e7o:<\/b> Cada cent\u00edmetro \u00e9 aproveitado com intelig\u00eancia, otimizando a organiza\u00e7\u00e3o.<\/li>\n<li><b>Diversidade de Estilos:<\/b> H\u00e1 op\u00e7\u00f5es para agradar todos os gostos, desde o minimalista at\u00e9 o cl\u00e1ssico.<\/li>\n<\/ul>\n<\/li>\n<\/ul>\n<h3>O que \u00e9 um arm\u00e1rio quarto modulado?<\/h3>\n<p><img loading=\"lazy\" decoding=\"async\" src=\"https:\/\/www.arquitetoalexandresouza.com.br\/blog\/wp-content\/uploads\/2024\/10\/armario-quarto-modulado01.jpg\" alt=\"armario quarto modulado\" width=\"1024\" height=\"1024\" title=\"\"><\/p>\n<p>O arm\u00e1rio quarto modulado \u00e9 como um <strong>camale\u00e3o<\/strong> dos m\u00f3veis. Ele se adapta ao seu espa\u00e7o como se tivesse sido feito sob medida. Imagine um m\u00f3vel que se transforma e se ajusta \u00e0s suas necessidades! \u00c9 a liberdade de escolher prateleiras e gavetas, onde tudo pode ter o seu lugar. Porque, vamos ser francos, quem n\u00e3o ama um quarto arrumado?<\/p>\n<h3>Vantagens de escolher um arm\u00e1rio quarto modulado<\/h3>\n<p>As vantagens s\u00e3o tantas que decidi fazer uma contagem mental: primeiro, ele <strong>cresce junto<\/strong> com a sua cole\u00e7\u00e3o de roupas. Depois, traz aquele toque \u201cuau!\u201d no quarto! Escolher um arm\u00e1rio modular \u00e9 como encontrar a combina\u00e7\u00e3o perfeita em um quebra-cabe\u00e7a que voc\u00ea pode mudar quando quiser.<\/p>\n<h3>Diferentes op\u00e7\u00f5es de configura\u00e7\u00f5es<\/h3>\n<p><img loading=\"lazy\" decoding=\"async\" src=\"https:\/\/www.arquitetoalexandresouza.com.br\/blog\/wp-content\/uploads\/2024\/10\/armario-quarto-modulado02.jpg\" alt=\"armario quarto modulado\" width=\"1024\" height=\"1024\" title=\"\"><\/p>\n<p>Com esse arm\u00e1rio, voc\u00ea \u00e9 o <strong>arquiteto do seu pr\u00f3prio espa\u00e7o<\/strong>. Sabe aquelas longas botas que voc\u00ea ama no inverno? Com um arm\u00e1rio modular, \u00e9 s\u00f3 tirar a r\u00e9gua e personalizar! \u00c9 brincar de casinha na vida adulta, e com a vantagem de n\u00e3o ter que gastar uma fortuna cada vez que quiser mudar o que j\u00e1 foi. Mudar \u00e9 um estalo!<\/p>\n<h3>Personaliza\u00e7\u00e3o de acordo com o espa\u00e7o dispon\u00edvel<\/h3>\n<p>Nada de m\u00f3veis que parecem ter entrado no quarto a for\u00e7a. O arm\u00e1rio modular <strong>se ajusta como uma roupa feita sob medida<\/strong>, e quem n\u00e3o gosta de se sentir confort\u00e1vel em casa? Ele se encaixa perfeitamente na sua decora\u00e7\u00e3o, como se fosse parte da fam\u00edlia.<\/p>\n<h3>Facilidade na montagem e desmontagem<\/h3>\n<p><img loading=\"lazy\" decoding=\"async\" src=\"https:\/\/www.arquitetoalexandresouza.com.br\/blog\/wp-content\/uploads\/2024\/10\/armario-quarto-modulado03.jpg\" alt=\"armario quarto modulado\" width=\"1024\" height=\"1024\" title=\"\"><\/p>\n<p>Se voc\u00ea j\u00e1 olhou para um manual de montagem e pensou que precisava de um diploma em engenharia, \u00e9 hora de mudar essa vis\u00e3o! O arm\u00e1rio modular \u00e9 o <strong>amigo que voc\u00ea n\u00e3o sabia que precisava<\/strong>. F\u00e1cil de montar e desmontar, ele \u00e9 perfeito para quem adora mudan\u00e7as e flexibilidade. Quem n\u00e3o gosta de ter op\u00e7\u00f5es, n\u00e3o \u00e9 mesmo?<\/p>\n<h3>Variedade de estilos e designs<\/h3>\n<p><img loading=\"lazy\" decoding=\"async\" src=\"https:\/\/www.arquitetoalexandresouza.com.br\/blog\/wp-content\/uploads\/2024\/10\/armario-quarto-modulado04.jpg\" alt=\"armario quarto modulado\" width=\"1024\" height=\"1024\" title=\"\"><\/p>\n<p>Agora, se voc\u00eas acham que o estilo do arm\u00e1rio \u00e9 s\u00f3 uma quest\u00e3o de gosto, pensem de novo! Seja voc\u00ea f\u00e3 do minimalismo ou do barroco, h\u00e1 uma infinidade de op\u00e7\u00f5es dispon\u00edveis. \u00c9 como estar em uma <strong>confeitaria de m\u00f3veis<\/strong>: d\u00e1 vontade de experimentar um de cada! O importante \u00e9 que o arm\u00e1rio modular deve refletir a sua personalidade.<\/p>\n<h3>Integra\u00e7\u00e3o com a decora\u00e7\u00e3o do quarto<\/h3>\n<p>Al\u00e9m de ser um lugar para guardar roupas, o arm\u00e1rio modular \u00e9 um <strong>elemento-chave na decora\u00e7\u00e3o<\/strong> do seu quarto. Ele pode ser o destaque ou o coadjuvante discreto que faz todo o ambiente brilhar. O que vale \u00e9 se sentir bem no pr\u00f3prio espa\u00e7o!<\/p>\n<h3>Aproveitamento m\u00e1ximo do espa\u00e7o<\/h3>\n<p>Cada cent\u00edmetro do seu quarto \u00e9 valorizado com um arm\u00e1rio modular. \u00c9 como ter um <strong>personal organizer<\/strong> embutido, garantindo que n\u00e3o haja espa\u00e7o desperdi\u00e7ado. E quem n\u00e3o ama a sensa\u00e7\u00e3o de aproveitar cada pedacinho do seu cantinho? Olhando assim, parece at\u00e9 magia!<\/p>\n<h3>Organiza\u00e7\u00e3o eficiente de roupas e acess\u00f3rios<\/h3>\n<p>Encontrar a blusa que voc\u00ea ama n\u00e3o precisa ser uma <strong>ca\u00e7a ao tesouro<\/strong>, certo? Com arm\u00e1rios modulares, a organiza\u00e7\u00e3o \u00e9 t\u00e3o eficiente que voc\u00ea vai se sentir em uma loja. E com isso vem a paz de esp\u00edrito, porque o fim da bagun\u00e7a \u00e9 s\u00f3 o come\u00e7o de um novo jeito de viver.<\/p>\n<h3>Durabilidade e qualidade dos materiais<\/h3>\n<p>Investir em um arm\u00e1rio modular \u00e9 como plantar uma \u00e1rvore. Voc\u00ea n\u00e3o v\u00ea os frutos imediatamente, mas, com o tempo, a durabilidade e qualidade aparecem e s\u00e3o muito satisfat\u00f3rias. Um bom arm\u00e1rio \u00e9 para a vida toda, e a hist\u00f3ria nunca sai de moda!<\/p>\n<h3>Conclus\u00e3o: Invista em um arm\u00e1rio quarto modulado para transformar a organiza\u00e7\u00e3o do seu ambiente com praticidade e estilo!<\/h3>\n<p>Ent\u00e3o, se voc\u00ea quer dar um verdadeiro <strong>up<\/strong> no seu quarto e deixar tudo em ordem, o arm\u00e1rio quarto modulado \u00e9 seu melhor amigo. Ele traz <strong>beleza e funcionalidade<\/strong> para o seu espa\u00e7o, transformando a arruma\u00e7\u00e3o em um convite \u00e0 inspira\u00e7\u00e3o e ao relaxamento. Vamos transformar esse quarto? Afinal, cada um merece ter um cantinho especial!<\/p>\n<p><iframe loading=\"lazy\" title=\"YouTube video player\" src=\"https:\/\/www.youtube.com\/embed\/mNT38leFxH8\" width=\"560\" height=\"315\" frameborder=\"0\" allowfullscreen=\"allowfullscreen\"><\/iframe><\/h3>\n<\/h3>\n<\/h3>\n<\/h3>\n<\/h3>\n<\/h3>\n<\/h3>\n<\/h3>\n<\/h3>\n<\/h3>\n","protected":false},"excerpt":{"rendered":"<p>Um arm\u00e1rio modular \u00e9 a cereja do bolo quando se trata de organiza\u00e7\u00e3o e estilo no quarto. Imagine ter um espa\u00e7o arrumado, onde cada coisa tem seu lugar e, ainda por cima, \u00e9 tudo do seu jeitinho! Quando se fala em arm\u00e1rio modular, a palavra-chave \u00e9 adaptabilidade. Pontos principais: Flexibilidade e Personaliza\u00e7\u00e3o: O arm\u00e1rio modular [&hellip;]<\/p>\n","protected":false},"author":1,"featured_media":32160,"comment_status":"closed","ping_status":"closed","sticky":false,"template":"","format":"standard","meta":{"footnotes":""},"categories":[4],"tags":[],"_links":{"self":[{"href":"https:\/\/www.arquitetoalexandresouza.com.br\/blog\/wp-json\/wp\/v2\/posts\/38902"}],"collection":[{"href":"https:\/\/www.arquitetoalexandresouza.com.br\/blog\/wp-json\/wp\/v2\/posts"}],"about":[{"href":"https:\/\/www.arquitetoalexandresouza.com.br\/blog\/wp-json\/wp\/v2\/types\/post"}],"author":[{"embeddable":true,"href":"https:\/\/www.arquitetoalexandresouza.com.br\/blog\/wp-json\/wp\/v2\/users\/1"}],"replies":[{"embeddable":true,"href":"https:\/\/www.arquitetoalexandresouza.com.br\/blog\/wp-json\/wp\/v2\/comments?post=38902"}],"version-history":[{"count":0,"href":"https:\/\/www.arquitetoalexandresouza.com.br\/blog\/wp-json\/wp\/v2\/posts\/38902\/revisions"}],"wp:featuredmedia":[{"embeddable":true,"href":"https:\/\/www.arquitetoalexandresouza.com.br\/blog\/wp-json\/wp\/v2\/media\/32160"}],"wp:attachment":[{"href":"https:\/\/www.arquitetoalexandresouza.com.br\/blog\/wp-json\/wp\/v2\/media?parent=38902"}],"wp:term":[{"taxonomy":"category","embeddable":true,"href":"https:\/\/www.arquitetoalexandresouza.com.br\/blog\/wp-json\/wp\/v2\/categories?post=38902"},{"taxonomy":"post_tag","embeddable":true,"href":"https:\/\/www.arquitetoalexandresouza.com.br\/blog\/wp-json\/wp\/v2\/tags?post=38902"}],"curies":[{"name":"wp","href":"https:\/\/api.w.org\/{rel}","templated":true}]}}