{"id":38913,"date":"2024-10-28T20:52:48","date_gmt":"2024-10-28T23:52:48","guid":{"rendered":"https:\/\/www.arquitetoalexandresouza.com.br\/blog\/cobertura-de-garagem-em-policarbonato-solucao-moderna-para-proteger-seu-veiculo\/"},"modified":"2024-10-28T20:52:48","modified_gmt":"2024-10-28T23:52:48","slug":"cobertura-de-garagem-em-policarbonato-solucao-moderna-para-proteger-seu-veiculo","status":"publish","type":"post","link":"https:\/\/www.arquitetoalexandresouza.com.br\/blog\/cobertura-de-garagem-em-policarbonato-solucao-moderna-para-proteger-seu-veiculo\/","title":{"rendered":"Cobertura de garagem em policarbonato: Solu\u00e7\u00e3o moderna para proteger seu ve\u00edculo."},"content":{"rendered":"<p>Voc\u00ea j\u00e1 pensou em como manter seu carro longe das intemp\u00e9ries? A cobertura de garagem em policarbonato pode ser a solu\u00e7\u00e3o elegante e eficaz que voc\u00ea procura. Al\u00e9m de proteger seu ve\u00edculo, ela traz um toque moderno e resistente para o seu espa\u00e7o. Confere s\u00f3!<\/p>\n<h3>Pontos principais:<\/h3>\n<p><img loading=\"lazy\" decoding=\"async\" src=\"https:\/\/www.arquitetoalexandresouza.com.br\/blog\/wp-content\/uploads\/2024\/10\/cobertura-garagem-policarbonato01.jpg\" alt=\"cobertura garagem policarbonato\" width=\"1024\" height=\"1024\" title=\"\"><\/p>\n<ul>\n<li><b>Versatilidade do Policarbonato:<\/b> Esse material \u00e9 ideal para coberturas, oferecendo resist\u00eancia e est\u00e9tica moderna.<\/li>\n<li><b>Facilidade de Manuten\u00e7\u00e3o:<\/b> Uma limpeza r\u00e1pida e sem complica\u00e7\u00f5es, perfeito para quem n\u00e3o gosta de perder tempo.<\/li>\n<li><b>Sustentabilidade:<\/b> O policarbonato \u00e9 eco-friendly, ajudando a preservar o meio ambiente.<\/li>\n<\/ul>\n<h3>O que \u00e9 uma cobertura de garagem em policarbonato?<\/h3>\n<p>Quando se trata de proteger nosso querido carro, uma coisa \u00e9 certa: ele merece cuidados especiais. Imagina chegar em casa e encontrar seu ve\u00edculo sofrendo com a chuva ou com o sol escaldante. \u00c9 a\u00ed que a cobertura de garagem em <b>policarbonato<\/b> entra como uma verdadeira hero\u00edna. Um material que combina modernidade e resist\u00eancia, prontinho para dar aquele abra\u00e7o protetor no seu carro.<\/p>\n<h3>Vantagens de utilizar policarbonato na cobertura da garagem<\/h3>\n<p><img loading=\"lazy\" decoding=\"async\" src=\"https:\/\/www.arquitetoalexandresouza.com.br\/blog\/wp-content\/uploads\/2024\/10\/cobertura-garagem-policarbonato02.jpg\" alt=\"cobertura garagem policarbonato\" width=\"1024\" height=\"1024\" title=\"\"><\/p>\n<p>Agora, vamos falar sobre o que faz o policarbonato brilhar mais que diamante. Primeiro, ele \u00e9 <b>resistente a impactos<\/b>, o que significa que seu carro fica protegido de granizo e galhos ca\u00eddos. Al\u00e9m disso, sua transpar\u00eancia proporciona um visual incr\u00edvel, sem deixar de lado a prote\u00e7\u00e3o.<\/p>\n<h3>Durabilidade e resist\u00eancia do policarbonato<\/h3>\n<p>O policarbonato n\u00e3o \u00e9 s\u00f3 um rostinho bonito, n\u00e3o! Ele \u00e9 como aquele amigo que sempre est\u00e1 l\u00e1 para ajudar. <b>Resistente a intemp\u00e9ries<\/b>, n\u00e3o amarela com o tempo e garante que sua cobertura continue imaculada por muitos anos. Com ele, o investimento \u00e9 a longo prazo, minha gente!<\/p>\n<h3>Prote\u00e7\u00e3o contra raios solares e chuva<\/h3>\n<p><img loading=\"lazy\" decoding=\"async\" src=\"https:\/\/www.arquitetoalexandresouza.com.br\/blog\/wp-content\/uploads\/2024\/10\/cobertura-garagem-policarbonato03.jpg\" alt=\"cobertura garagem policarbonato\" width=\"1024\" height=\"1024\" title=\"\"><\/p>\n<p>E o que dizer da prote\u00e7\u00e3o contra os raios solares? Com o policarbonato, voc\u00ea estar\u00e1 dando ao seu carro um verdadeiro <b>abrigo<\/b> que o mant\u00e9m fresco e livre do calor excessivo. Nada de sauna m\u00f3vel! Al\u00e9m disso, aquele chuvisco inesperado n\u00e3o vai mais tirar seu sono, j\u00e1 que sua cobertura oferece prote\u00e7\u00e3o total contra a chuva.<\/p>\n<h3>Facilidade de limpeza e manuten\u00e7\u00e3o<\/h3>\n<p><img loading=\"lazy\" decoding=\"async\" src=\"https:\/\/www.arquitetoalexandresouza.com.br\/blog\/wp-content\/uploads\/2024\/10\/cobertura-garagem-policarbonato04.jpg\" alt=\"cobertura garagem policarbonato\" width=\"1024\" height=\"1024\" title=\"\"><\/p>\n<p>Se voc\u00ea, assim como eu, tem uma rela\u00e7\u00e3o de amor e \u00f3dio com limpeza, vai ficar feliz em saber que o policarbonato \u00e9 super f\u00e1cil de manter. Com um pano \u00famido e um pouco de sab\u00e3o neutro, voc\u00ea deixa tudo <b>brilhando que \u00e9 uma beleza<\/b>. E a manuten\u00e7\u00e3o? Praticamente inexistente! \u00c9 como um passe de m\u00e1gica!<\/p>\n<h3>Estilo e design moderno<\/h3>\n<p>Quem disse que prote\u00e7\u00e3o n\u00e3o pode ser estilosa? O policarbonato traz um visual moderno e sofisticado. Com sua apar\u00eancia translucida, ele se adapta a qualquer tipo de arquitetura. \u00c9 como se voc\u00ea estivesse adicionando um toque de <b>classe<\/b> \u00e0 sua garagem, deixando os vizinhos morrendo de inveja.<\/p>\n<h3>Versatilidade de aplica\u00e7\u00f5es<\/h3>\n<p>Al\u00e9m de ser uma estrela em garagens, o policarbonato pode ser utilizado em diversos projetos. Desde coberturas de \u00e1reas externas at\u00e9 estufas e passarelas, ele \u00e9 realmente um verdadeiro <b>camale\u00e3o<\/b>. As possibilidades s\u00e3o infinitas!<\/p>\n<h3>Instala\u00e7\u00e3o r\u00e1pida e pr\u00e1tica<\/h3>\n<p>Nada de esperar semanas para ver o trabalho finalizado. A instala\u00e7\u00e3o do policarbonato \u00e9 r\u00e1pida e simples. Em <b>um estalido de dedos<\/b>, voc\u00ea j\u00e1 est\u00e1 aproveitando sua nova cobertura. Sem estresse e sem aquela obra que parece n\u00e3o ter fim!<\/p>\n<h3>Custo-benef\u00edcio da cobertura de garagem em policarbonato<\/h3>\n<p>Agora, voc\u00ea deve estar pensando: &#8220;Mas isso tudo deve custar uma fortuna!&#8221;. E \u00e9 a\u00ed que voc\u00ea se engana! O custo-benef\u00edcio da cobertura em policarbonato \u00e9 simplesmente <b>fant\u00e1stico<\/b>. Prote\u00e7\u00e3o, durabilidade e estilo a um pre\u00e7o acess\u00edvel! Que tal n\u00e9?<\/p>\n<h3>Sustentabilidade e eco-friendly<\/h3>\n<p>Por \u00faltimo, mas n\u00e3o menos importante, o policarbonato \u00e9 um amigo do meio ambiente. Recicl\u00e1vel e com uma pegada verde, ele contribui para um futuro sustent\u00e1vel. Ent\u00e3o, al\u00e9m de cuidar do seu carro, voc\u00ea tamb\u00e9m est\u00e1 fazendo a sua parte para preservar o planeta. <b>Que beleza!<\/b><\/p>\n<h3>Conclus\u00e3o<\/h3>\n<p>Em suma, a cobertura de garagem em policarbonato \u00e9 um investimento inteligente que combina <b>prote\u00e7\u00e3o<\/b>, <b>estilo<\/b> e sustentabilidade. \u00c9 a escolha perfeita para quem quer dar ao seu carro o cuidado que ele merece. Que tal aproveitar todas essas vantagens e dar um presente ao seu companheiro de quatro rodas? Afinal, carro tamb\u00e9m merece carinho, n\u00e3o acha?<\/p>\n<p><iframe loading=\"lazy\" title=\"YouTube video player\" src=\"https:\/\/www.youtube.com\/embed\/T4O3pO40opg\" width=\"560\" height=\"315\" frameborder=\"0\" allowfullscreen=\"allowfullscreen\"><\/iframe><\/h3>\n<\/h3>\n<\/h3>\n<\/h3>\n<\/h3>\n<\/h3>\n<\/h3>\n<\/h3>\n<\/h3>\n","protected":false},"excerpt":{"rendered":"<p>Voc\u00ea j\u00e1 pensou em como manter seu carro longe das intemp\u00e9ries? A cobertura de garagem em policarbonato pode ser a solu\u00e7\u00e3o elegante e eficaz que voc\u00ea procura. Al\u00e9m de proteger seu ve\u00edculo, ela traz um toque moderno e resistente para o seu espa\u00e7o. Confere s\u00f3! Pontos principais: Versatilidade do Policarbonato: Esse material \u00e9 ideal para [&hellip;]<\/p>\n","protected":false},"author":1,"featured_media":31986,"comment_status":"closed","ping_status":"closed","sticky":false,"template":"","format":"standard","meta":{"footnotes":""},"categories":[4],"tags":[],"_links":{"self":[{"href":"https:\/\/www.arquitetoalexandresouza.com.br\/blog\/wp-json\/wp\/v2\/posts\/38913"}],"collection":[{"href":"https:\/\/www.arquitetoalexandresouza.com.br\/blog\/wp-json\/wp\/v2\/posts"}],"about":[{"href":"https:\/\/www.arquitetoalexandresouza.com.br\/blog\/wp-json\/wp\/v2\/types\/post"}],"author":[{"embeddable":true,"href":"https:\/\/www.arquitetoalexandresouza.com.br\/blog\/wp-json\/wp\/v2\/users\/1"}],"replies":[{"embeddable":true,"href":"https:\/\/www.arquitetoalexandresouza.com.br\/blog\/wp-json\/wp\/v2\/comments?post=38913"}],"version-history":[{"count":0,"href":"https:\/\/www.arquitetoalexandresouza.com.br\/blog\/wp-json\/wp\/v2\/posts\/38913\/revisions"}],"wp:featuredmedia":[{"embeddable":true,"href":"https:\/\/www.arquitetoalexandresouza.com.br\/blog\/wp-json\/wp\/v2\/media\/31986"}],"wp:attachment":[{"href":"https:\/\/www.arquitetoalexandresouza.com.br\/blog\/wp-json\/wp\/v2\/media?parent=38913"}],"wp:term":[{"taxonomy":"category","embeddable":true,"href":"https:\/\/www.arquitetoalexandresouza.com.br\/blog\/wp-json\/wp\/v2\/categories?post=38913"},{"taxonomy":"post_tag","embeddable":true,"href":"https:\/\/www.arquitetoalexandresouza.com.br\/blog\/wp-json\/wp\/v2\/tags?post=38913"}],"curies":[{"name":"wp","href":"https:\/\/api.w.org\/{rel}","templated":true}]}}