{"id":39137,"date":"2024-11-08T20:52:38","date_gmt":"2024-11-08T23:52:38","guid":{"rendered":"https:\/\/www.arquitetoalexandresouza.com.br\/blog\/como-escolher-o-sofa-ideal-para-apartamentos-pequenos-confira-dicas-praticas-e-transforme-seu-espaco\/"},"modified":"2024-11-08T20:52:38","modified_gmt":"2024-11-08T23:52:38","slug":"como-escolher-o-sofa-ideal-para-apartamentos-pequenos-confira-dicas-praticas-e-transforme-seu-espaco","status":"publish","type":"post","link":"https:\/\/www.arquitetoalexandresouza.com.br\/blog\/como-escolher-o-sofa-ideal-para-apartamentos-pequenos-confira-dicas-praticas-e-transforme-seu-espaco\/","title":{"rendered":"Como escolher o sof\u00e1 ideal para apartamentos pequenos: confira dicas pr\u00e1ticas e transforme seu espa\u00e7o."},"content":{"rendered":"<p>Escolher o sof\u00e1 ideal para um <b>apartamento pequeno<\/b> \u00e9 como tentar montar um quebra-cabe\u00e7a: cada pe\u00e7a precisa se encaixar perfeitamente. Afinal, n\u00e3o quero que meu sof\u00e1 vire um convidado inesperado que ocupa todo o espa\u00e7o da sala! Por isso, vamos dar uma olhada nas dicas necess\u00e1rias para encontrar esse colega de sof\u00e1 ideal que traga conforto, estilo e aproveite bem cada metro quadrado do meu lar.<\/p>\n<h3>Pontos principais:<\/h3>\n<p><img loading=\"lazy\" decoding=\"async\" src=\"https:\/\/www.arquitetoalexandresouza.com.br\/blog\/wp-content\/uploads\/2024\/11\/como-escolher-sofa-para-apartamento-pequeno-confira01.jpg\" alt=\"como escolher sofa para apartamento pequeno confira\" width=\"1024\" height=\"1024\" title=\"\"><\/p>\n<ul>\n<li><b>Avaliar o espa\u00e7o<\/b>: Medir minuciosamente cada canto do apartamento \u00e9 o primeiro passo para uma compra certeira.<\/li>\n<li><b>Escolher o estilo<\/b>: Seu sof\u00e1 deve refletir a personalidade da sua casa, seja moderno, r\u00fastico ou contempor\u00e2neo.<\/li>\n<li><b>Optar por funcionalidades<\/b>: Sof\u00e1s multifuncionais s\u00e3o a solu\u00e7\u00e3o para o espa\u00e7o pequeno, servindo como sof\u00e1 e lugar para dormir.<\/li>\n<\/ul>\n<h3>Avalie o Espa\u00e7o Dispon\u00edvel<\/h3>\n<p>Primeiro, bora desenrolar a fita m\u00e9trica e virando um verdadeiro detetive do meu lar. Medir cada cent\u00edmetro \u00e9 primordial! N\u00e3o quero um sof\u00e1 que vire uma muralha na minha sala, certo? Ent\u00e3o, anotar tudo e ter um bom senso de propor\u00e7\u00e3o \u00e9 a chave.<\/p>\n<h3>Definindo o Estilo do Sof\u00e1<\/h3>\n<p><img loading=\"lazy\" decoding=\"async\" src=\"https:\/\/www.arquitetoalexandresouza.com.br\/blog\/wp-content\/uploads\/2024\/11\/como-escolher-sofa-para-apartamento-pequeno-confira02.jpg\" alt=\"como escolher sofa para apartamento pequeno confira\" width=\"1024\" height=\"1024\" title=\"\"><\/p>\n<p>Agora que j\u00e1 tenho as medidas, \u00e9 hora de pensar no estilo que vai compor o ambiente. Tipo, se o meu espa\u00e7o \u00e9 bem contempor\u00e2neo, vou querer um sof\u00e1 de linhas retas e que converse com o resto da decora\u00e7\u00e3o. Um sof\u00e1 mais robusto se eu procurar algo bem aconchegante. \u00c9 como escolher a roupa certa para aquela festa!<\/p>\n<h3>Optando por Sof\u00e1s Multifuncionais<\/h3>\n<p>Sof\u00e1s modulares e retr\u00e1teis s\u00e3o meus melhores amigos nesse tarefa! Eles s\u00e3o vers\u00e1teis e, claro, oferecem fun\u00e7\u00f5es extras, como se fossem verdadeiros Transformers do mundo dos m\u00f3veis. Quem n\u00e3o ama um sof\u00e1 que pode se transformar num espa\u00e7o extra para visitas inesperadas, como aquele amigo que sempre aparece no s\u00e1bado \u00e0 noite?<\/p>\n<h3>Considerando Sof\u00e1s-Cama para Multifuncionalidade<\/h3>\n<p><img loading=\"lazy\" decoding=\"async\" src=\"https:\/\/www.arquitetoalexandresouza.com.br\/blog\/wp-content\/uploads\/2024\/11\/como-escolher-sofa-para-apartamento-pequeno-confira03.jpg\" alt=\"como escolher sofa para apartamento pequeno confira\" width=\"1024\" height=\"1024\" title=\"\"><\/p>\n<p>Agora, se o meu apartamento \u00e9 t\u00e3o pequeno que j\u00e1 pensei em criar uma rede de camping na sala, um sof\u00e1-cama pode ser a solu\u00e7\u00e3o perfeita. Ele \u00e9 quase um super-her\u00f3i do conforto: a qualquer momento, de sof\u00e1 vira cama, e isso \u00e9 sensacional!<\/p>\n<h3>Escolhendo Cores e Estampas Adequadas<\/h3>\n<p><img loading=\"lazy\" decoding=\"async\" src=\"https:\/\/www.arquitetoalexandresouza.com.br\/blog\/wp-content\/uploads\/2024\/11\/como-escolher-sofa-para-apartamento-pequeno-confira04.jpg\" alt=\"como escolher sofa para apartamento pequeno confira\" width=\"1024\" height=\"1024\" title=\"\"><\/p>\n<p>Quando se trata de cores, a regra do jogo \u00e9: tons neutros s\u00e3o como jeans \u2014 sempre na moda e combinando com tudo. Mas, se eu tiver coragem de ousar, um sof\u00e1 colorido pode ser aquele toque especial na decora\u00e7\u00e3o. Apenas n\u00e3o esque\u00e7a da manuten\u00e7\u00e3o do tecido, porque, acredite, n\u00e3o \u00e9 legal ter um sof\u00e1 cheio de manchas.<\/p>\n<h3>Aproveitando Sof\u00e1s com Armazenamento Embutido<\/h3>\n<p>Ah, o storage&#8230; Essa palavra m\u00e1gica que me faz sonhar com mais espa\u00e7o! Um sof\u00e1 com armazenamento embutido \u00e9 como achar um ovo de p\u00e1scoa na casa da av\u00f3: sempre uma surpresa boa! Ali posso guardar cobertores, almofadas e at\u00e9 aqueles presentes de anivers\u00e1rio que nunca usei, mas que n\u00e3o consigo me desfazer!<\/p>\n<h3>Pensando na Distribui\u00e7\u00e3o do Mobili\u00e1rio<\/h3>\n<p>Onde eu coloco o sof\u00e1 muda tudo! N\u00e3o quero que ele seja um troll que bloqueia a passagem ou brigue pela aten\u00e7\u00e3o da televis\u00e3o. Ao distribuir o mobili\u00e1rio, a ideia \u00e9 criar um ambiente harm\u00f4nico. Um local onde o sof\u00e1 brilha, mas o restante da casa tamb\u00e9m tem seu espa\u00e7o ao sol!<\/p>\n<h3>Mantendo a Propor\u00e7\u00e3o e Harmonia Visual<\/h3>\n<p>Propor\u00e7\u00e3o \u00e9 tudo! Um sof\u00e1 grande num espa\u00e7o pequeno \u00e9 como colocar um hipop\u00f3tamo num iglu \u2014 n\u00e3o rola! Harmonizar visualmente \u00e9 como uma sinfonia: tudo precisa estar em sintonia. Um sof\u00e1 encantador pode compor visualmente com outros itens no espa\u00e7o, garantindo o equil\u00edbrio.<\/p>\n<h3>Dicas para Cuidados e Manuten\u00e7\u00e3o do Sof\u00e1<\/h3>\n<p>Cuidar do sof\u00e1 \u00e9 um pouco como cuidar de um animal de estima\u00e7\u00e3o: d\u00e1 um trabalho, mas \u00e9 gratificante! Optar por tecidos que sejam f\u00e1ceis de limpar \u00e9 meio caminho andado. E, hein, nada de deixar as migalhas do lanche de ontem se transformarem em um novo lar para criaturas misteriosas, viu?<\/p>\n<h2>Conclus\u00e3o<\/h2>\n<p>Escolher o sof\u00e1 ideal para um apartamento pequeno n\u00e3o precisa ser um verdadeiro bicho-pap\u00e3o. Seguindo as dicas que citei, d\u00e1 pra encontrar a melhor op\u00e7\u00e3o que traga conforto e estilo sem ocupar todo o espa\u00e7o. Vale lembrar que, mesmo em ambientes menores, um sof\u00e1 pode muito bem ser a pe\u00e7a central desse quebra-cabe\u00e7a. Agora, eu s\u00f3 preciso relaxar e curtir meu cantinho acolhedor!<\/p>\n<\/h3>\n<\/h3>\n<\/h3>\n<\/h3>\n<\/h3>\n<\/h3>\n<\/h3>\n<\/h3>\n<\/h3>\n<\/h3>\n<\/h3>\n","protected":false},"excerpt":{"rendered":"<p>Escolher o sof\u00e1 ideal para um apartamento pequeno \u00e9 como tentar montar um quebra-cabe\u00e7a: cada pe\u00e7a precisa se encaixar perfeitamente. Afinal, n\u00e3o quero que meu sof\u00e1 vire um convidado inesperado que ocupa todo o espa\u00e7o da sala! Por isso, vamos dar uma olhada nas dicas necess\u00e1rias para encontrar esse colega de sof\u00e1 ideal que traga [&hellip;]<\/p>\n","protected":false},"author":1,"featured_media":30735,"comment_status":"closed","ping_status":"closed","sticky":false,"template":"","format":"standard","meta":{"footnotes":""},"categories":[4],"tags":[],"_links":{"self":[{"href":"https:\/\/www.arquitetoalexandresouza.com.br\/blog\/wp-json\/wp\/v2\/posts\/39137"}],"collection":[{"href":"https:\/\/www.arquitetoalexandresouza.com.br\/blog\/wp-json\/wp\/v2\/posts"}],"about":[{"href":"https:\/\/www.arquitetoalexandresouza.com.br\/blog\/wp-json\/wp\/v2\/types\/post"}],"author":[{"embeddable":true,"href":"https:\/\/www.arquitetoalexandresouza.com.br\/blog\/wp-json\/wp\/v2\/users\/1"}],"replies":[{"embeddable":true,"href":"https:\/\/www.arquitetoalexandresouza.com.br\/blog\/wp-json\/wp\/v2\/comments?post=39137"}],"version-history":[{"count":0,"href":"https:\/\/www.arquitetoalexandresouza.com.br\/blog\/wp-json\/wp\/v2\/posts\/39137\/revisions"}],"wp:featuredmedia":[{"embeddable":true,"href":"https:\/\/www.arquitetoalexandresouza.com.br\/blog\/wp-json\/wp\/v2\/media\/30735"}],"wp:attachment":[{"href":"https:\/\/www.arquitetoalexandresouza.com.br\/blog\/wp-json\/wp\/v2\/media?parent=39137"}],"wp:term":[{"taxonomy":"category","embeddable":true,"href":"https:\/\/www.arquitetoalexandresouza.com.br\/blog\/wp-json\/wp\/v2\/categories?post=39137"},{"taxonomy":"post_tag","embeddable":true,"href":"https:\/\/www.arquitetoalexandresouza.com.br\/blog\/wp-json\/wp\/v2\/tags?post=39137"}],"curies":[{"name":"wp","href":"https:\/\/api.w.org\/{rel}","templated":true}]}}