{"id":39209,"date":"2024-11-12T02:52:41","date_gmt":"2024-11-12T05:52:41","guid":{"rendered":"https:\/\/www.arquitetoalexandresouza.com.br\/blog\/top-7-cabeceiras-de-cama-criativas-para-transformar-seu-quarto\/"},"modified":"2024-11-12T02:52:41","modified_gmt":"2024-11-12T05:52:41","slug":"top-7-cabeceiras-de-cama-criativas-para-transformar-seu-quarto","status":"publish","type":"post","link":"https:\/\/www.arquitetoalexandresouza.com.br\/blog\/top-7-cabeceiras-de-cama-criativas-para-transformar-seu-quarto\/","title":{"rendered":"Top 7 Cabeceiras de Cama Criativas para Transformar Seu Quarto."},"content":{"rendered":"<p>Quem diria que a cabeceira da cama, esse peda\u00e7o de madeira, tecido ou metal, poderia ser a estrela do nosso quarto? Pois \u00e9, ela pode sim! Uma boa cabeceira n\u00e3o s\u00f3 traz estilo, mas tamb\u00e9m transforma o nosso cantinho de descanso em um verdadeiro o\u00e1sis de conforto e personalidade. Ent\u00e3o, prepare-se para dar uma olhadinha nas 7 melhores op\u00e7\u00f5es de cabeceiras que v\u00e3o deixar seu espa\u00e7o mais convidativo e cheio de charme!<\/p>\n<h2>Pontos principais:<\/h2>\n<ul>\n<li><b>Cabeceira de Paletes:<\/b> Uma op\u00e7\u00e3o sustent\u00e1vel e cheia de estilo, perfeita para quem ama um toque r\u00fastico.<\/li>\n<li><b>Cabeceira Estofada:<\/b> Conforto e eleg\u00e2ncia que abra\u00e7am o seu quarto, trazendo aquele aconchego que todo mundo ama.<\/li>\n<li><b>Cabeceira com Ilumina\u00e7\u00e3o Embutida:<\/b> Praticidade e modernidade que iluminam seu espa\u00e7o e suas noites de leitura.<\/li>\n<\/ul>\n<h3>1. Cabeceira de Paletes: Sustent\u00e1vel e Estilosa<\/h3>\n<p><img loading=\"lazy\" decoding=\"async\" src=\"https:\/\/www.arquitetoalexandresouza.com.br\/blog\/wp-content\/uploads\/2024\/11\/ideias-de-cabeceira-de-cama01.jpg\" alt=\"ideias de cabeceira de cama\" width=\"1024\" height=\"1024\" title=\"\"><\/p>\n<p>Come\u00e7ando pela cabeceira de paletes, que se tornou uma verdadeira sensa\u00e7\u00e3o! <b>Esses peda\u00e7os de madeira reciclados<\/b> trazem um charme \u00fanico e um ar r\u00fastico que faz qualquer quarto se destacar. Imagine s\u00f3, uma cabeceira que al\u00e9m de linda, \u00e9 amiga do meio ambiente! \u00c9 tipo dar um abra\u00e7o na natureza enquanto dorme. Adicionar algumas luzes de fada em volta s\u00f3 vai deixar tudo ainda mais especial. \u00c9 o tipo de cabeceira que faz seu ambiente gritar &#8220;olha que lindo!&#8221;.<\/p>\n<h3>2. Cabeceira Estofada: Conforto e Eleg\u00e2ncia<\/h3>\n<p>Agora, se o que voc\u00ea procura \u00e9 <b>conforto e estilo<\/b>, as cabeceiras estofadas s\u00e3o o caminho a seguir. Quem n\u00e3o adora encostar a cabe\u00e7a em algo macio? \u00c9 como ter um abra\u00e7o quentinho sempre dispon\u00edvel. Elas est\u00e3o dispon\u00edveis em diversas cores e texturas, e realmente podem ser a cereja do bolo na sua decora\u00e7\u00e3o. Al\u00e9m de super pr\u00e1ticas, essas belezuras ainda s\u00e3o muito populares em quartos contempor\u00e2neos.<\/p>\n<h3>3. Cabeceira de Madeira de Reutiliza\u00e7\u00e3o: Charmosa e Ecol\u00f3gica<\/h3>\n<p><img loading=\"lazy\" decoding=\"async\" src=\"https:\/\/www.arquitetoalexandresouza.com.br\/blog\/wp-content\/uploads\/2024\/11\/ideias-de-cabeceira-de-cama02.jpg\" alt=\"ideias de cabeceira de cama\" width=\"1024\" height=\"1024\" title=\"\"><\/p>\n<p>Para os que amam um estilo mais r\u00fastico, a cabeceira de madeira de reutiliza\u00e7\u00e3o \u00e9 uma \u00f3tima ideia. <b>Essa cabeceira traz um calor<\/b> acolhedor e um charme especial que \u00e9 dif\u00edcil de ignorar. Sem falar que cada pe\u00e7a tem sua hist\u00f3ria! Olhar para uma cabeceira feita de madeira recuperada \u00e9 como olhar para um quadro de uma vida passada. E quem n\u00e3o quer ter um pedacinho da natureza dentro de casa?<\/p>\n<h3>4. Cabeceira com Ilumina\u00e7\u00e3o Embutida: Modernidade e Praticidade<\/h3>\n<p>Quem disse que cabeceira \u00e9 s\u00f3 para enfeitar? As cabeceiras com <b>ilumina\u00e7\u00e3o embutida<\/b> s\u00e3o a combina\u00e7\u00e3o perfeita de estilo e funcionalidade. Elas n\u00e3o s\u00f3 embelezam o ambiente, como tamb\u00e9m te ajudam em noites de leitura. Imagine ter uma luz suave ao redor da cabeceira, criando um ambiente relaxante e aconchegante. \u00c9 como transformar seu quarto em um ref\u00fagio s\u00f3 seu!<\/p>\n<h3>5. Cabeceira com Prateleiras: Funcionalidade e Design<\/h3>\n<p><img loading=\"lazy\" decoding=\"async\" src=\"https:\/\/www.arquitetoalexandresouza.com.br\/blog\/wp-content\/uploads\/2024\/11\/ideias-de-cabeceira-de-cama03.jpg\" alt=\"ideias de cabeceira de cama\" width=\"1024\" height=\"1024\" title=\"\"><\/p>\n<p>Olha s\u00f3 que massa: uma cabeceira que vem com prateleiras! Isso mesmo! \u00c9 uma ideia genial para quem sempre precisa de um espa\u00e7o extra. <b>Com essa cabeceira<\/b>, voc\u00ea pode guardar livros, quinquilharias ou at\u00e9 mesmo colocar aquela planta que voc\u00ea ama. O design bonito e a funcionalidade juntas tornam esse m\u00f3vel uma escolha inteligente e estilosa para qualquer quarto.<\/p>\n<h3>6. Cabeceira de Tecido com Padr\u00f5es Criativos: Personalidade ao Ambiente<\/h3>\n<p><img loading=\"lazy\" decoding=\"async\" src=\"https:\/\/www.arquitetoalexandresouza.com.br\/blog\/wp-content\/uploads\/2024\/11\/ideias-de-cabeceira-de-cama04.jpg\" alt=\"ideias de cabeceira de cama\" width=\"1024\" height=\"1024\" title=\"\"><\/p>\n<p>Se voc\u00ea quer adicionar um pouquinho da sua alma ao ambiente, escolher uma cabeceira feita de tecido com padr\u00f5es criativos pode ser sua grande chance! <b>Essas cabeceiras transmitem personalidade<\/b> e d\u00e3o um toque de alegria ao seu espa\u00e7o. S\u00e3o op\u00e7\u00f5es que variam de florais a estampas geom\u00e9tricas, permitindo que voc\u00ea fa\u00e7a o seu quarto brilhar como um verdadeiro artista em a\u00e7\u00e3o!<\/p>\n<h3>7. Cabeceira de Corda: Textura e Leveza<\/h3>\n<p>Por \u00faltimo, mas n\u00e3o menos importante, temos a cabeceira de corda, uma op\u00e7\u00e3o que traz uma textura leve e natural ao quarto. <b>Essas cabeceiras s\u00e3o \u043f\u0440\u0430\u043a\u0442\u0438tries que oferecem um ar bo\u00eamio<\/b> e despojado. Imaginar um ambiente onde a natureza se respira em cada detalhe \u00e9 simplesmente encantador. \u00c9 como andar na praia sem sair de casa!<\/p>\n<h2>Conclus\u00e3o: Transforme Seu Quarto com Estilo<\/h2>\n<p>Em resumo, a cabeceira da cama pode ser muito mais do que apenas um detalhe. Com essas op\u00e7\u00f5es criativas e cheias de personalidade, \u00e9 poss\u00edvel <b>transformar seu quarto em um espa\u00e7o \u00fanico e cheio de estilo<\/b>. Portanto, n\u00e3o tenha medo de se jogar nas ideias que mais combinaram com voc\u00ea. Afinal, seu quarto deve ser um reflexo da sua personalidade e das suas prefer\u00eancias! M\u00e3os \u00e0 obra e bora deixar esse espa\u00e7o mais aconchegante e charmoso!<\/p>\n<\/h3>\n<\/h3>\n<\/h3>\n<\/h3>\n<\/h3>\n<\/h3>\n<\/h3>\n<\/h3>\n<\/h3>\n<\/h3>\n<\/h3>\n<\/h3>\n<\/h3>\n<\/h3>\n","protected":false},"excerpt":{"rendered":"<p>Quem diria que a cabeceira da cama, esse peda\u00e7o de madeira, tecido ou metal, poderia ser a estrela do nosso quarto? Pois \u00e9, ela pode sim! Uma boa cabeceira n\u00e3o s\u00f3 traz estilo, mas tamb\u00e9m transforma o nosso cantinho de descanso em um verdadeiro o\u00e1sis de conforto e personalidade. Ent\u00e3o, prepare-se para dar uma olhadinha [&hellip;]<\/p>\n","protected":false},"author":1,"featured_media":39205,"comment_status":"closed","ping_status":"closed","sticky":false,"template":"","format":"standard","meta":{"footnotes":""},"categories":[4],"tags":[],"_links":{"self":[{"href":"https:\/\/www.arquitetoalexandresouza.com.br\/blog\/wp-json\/wp\/v2\/posts\/39209"}],"collection":[{"href":"https:\/\/www.arquitetoalexandresouza.com.br\/blog\/wp-json\/wp\/v2\/posts"}],"about":[{"href":"https:\/\/www.arquitetoalexandresouza.com.br\/blog\/wp-json\/wp\/v2\/types\/post"}],"author":[{"embeddable":true,"href":"https:\/\/www.arquitetoalexandresouza.com.br\/blog\/wp-json\/wp\/v2\/users\/1"}],"replies":[{"embeddable":true,"href":"https:\/\/www.arquitetoalexandresouza.com.br\/blog\/wp-json\/wp\/v2\/comments?post=39209"}],"version-history":[{"count":0,"href":"https:\/\/www.arquitetoalexandresouza.com.br\/blog\/wp-json\/wp\/v2\/posts\/39209\/revisions"}],"wp:featuredmedia":[{"embeddable":true,"href":"https:\/\/www.arquitetoalexandresouza.com.br\/blog\/wp-json\/wp\/v2\/media\/39205"}],"wp:attachment":[{"href":"https:\/\/www.arquitetoalexandresouza.com.br\/blog\/wp-json\/wp\/v2\/media?parent=39209"}],"wp:term":[{"taxonomy":"category","embeddable":true,"href":"https:\/\/www.arquitetoalexandresouza.com.br\/blog\/wp-json\/wp\/v2\/categories?post=39209"},{"taxonomy":"post_tag","embeddable":true,"href":"https:\/\/www.arquitetoalexandresouza.com.br\/blog\/wp-json\/wp\/v2\/tags?post=39209"}],"curies":[{"name":"wp","href":"https:\/\/api.w.org\/{rel}","templated":true}]}}