{"id":42153,"date":"2025-04-23T18:50:11","date_gmt":"2025-04-23T21:50:11","guid":{"rendered":"https:\/\/www.arquitetoalexandresouza.com.br\/blog\/3-maneiras-inteligentes-de-fazer-decoracao-de-parede-da-tv-2\/"},"modified":"2025-04-23T18:50:11","modified_gmt":"2025-04-23T21:50:11","slug":"3-maneiras-inteligentes-de-fazer-decoracao-de-parede-da-tv-2","status":"publish","type":"post","link":"https:\/\/www.arquitetoalexandresouza.com.br\/blog\/3-maneiras-inteligentes-de-fazer-decoracao-de-parede-da-tv-2\/","title":{"rendered":"As 5 Melhores Dicas para Decorar a Parede da TV"},"content":{"rendered":"<p>Voc\u00ea j\u00e1 percebeu como um simples detalhe pode transformar completamente a <b>decora\u00e7\u00e3o da sua sala<\/b>? Hoje, vou te mostrar <b>3 maneiras inteligentes<\/b> de deixar a parede da TV incr\u00edvel!<\/p>\n<h3>1. Cores que Encantam<\/h3>\n<p>Uma das formas mais f\u00e1ceis de mudar a decora\u00e7\u00e3o \u00e9 <b>brincar com cores<\/b>. Cores frias, como azul e verde, transmitem tranquilidade. J\u00e1 o vermelho e laranja? Ah, esses s\u00e3o energ\u00e9ticos!<\/p>\n<figure style=\"width: 1024px\" class=\"wp-caption aligncenter\"><img loading=\"lazy\" decoding=\"async\" src=\"\" alt=\"3 Maneiras Inteligentes de Fazer Decora\u00e7\u00e3o de Parede da TV\" width=\"1024\" height=\"1024\" title=\"\"><figcaption class=\"wp-caption-text\">Fonte: Pinterest<\/figcaption><\/figure>\n<p>Escolha um tom que complemente o ambiente. Uma parede de destaque pode ser um verdadeiro <b>chama aten\u00e7\u00e3o<\/b>! Ent\u00e3o, se joga nas tintas!\ud83d\ude09<\/p>\n<figure style=\"width: 1024px\" class=\"wp-caption aligncenter\"><img loading=\"lazy\" decoding=\"async\" src=\"https:\/\/www.arquitetoalexandresouza.com.br\/blog\/wp-content\/uploads\/2025\/04\/eee40eddc2541e06d81acdab6ed0fcc5.jpg\" alt=\"3 Maneiras Inteligentes de Fazer Decora\u00e7\u00e3o de Parede da TV\" width=\"1024\" height=\"1024\" title=\"\"><figcaption class=\"wp-caption-text\">Fonte: Pinterest<\/figcaption><\/figure>\n<h3>2. Prateleiras Estilosas<\/h3>\n<p>Prateleiras s\u00e3o o segredo para uma decora\u00e7\u00e3o funcional e charmosa. Al\u00e9m de <b>exibir objetos<\/b> decorativos, elas ajudam a organizar!<\/p>\n<figure style=\"width: 1024px\" class=\"wp-caption aligncenter\"><img loading=\"lazy\" decoding=\"async\" src=\"https:\/\/www.arquitetoalexandresouza.com.br\/blog\/wp-content\/uploads\/2025\/04\/3-Maneiras-Inteligentes-de-Fazer-Decoracao-de-Parede-da-TV01.jpg\" alt=\"3 Maneiras Inteligentes de Fazer Decora\u00e7\u00e3o de Parede da TV\" width=\"1024\" height=\"1024\" title=\"\"><figcaption class=\"wp-caption-text\">3 Maneiras Inteligentes de Fazer Decora\u00e7\u00e3o de Parede da TV<\/figcaption><\/figure>\n<p>Coloque livros, plantas e at\u00e9 quadros. A disposi\u00e7\u00e3o pode ser variada para criar um efeito mais harmonioso. Voc\u00ea j\u00e1 viu como elas transformam o visual?<\/p>\n<h3>3. Ilumina\u00e7\u00e3o Estrat\u00e9gica<\/h3>\n<p>A ilumina\u00e7\u00e3o tem um papel fundamental na <b>decora\u00e7\u00e3o da parede da TV<\/b>. Uma luz suave pode destacar o que est\u00e1 nas prateleiras e criar uma atmosfera aconchegante.<\/p>\n<figure style=\"width: 1024px\" class=\"wp-caption aligncenter\"><img loading=\"lazy\" decoding=\"async\" src=\"https:\/\/www.arquitetoalexandresouza.com.br\/blog\/wp-content\/uploads\/2025\/04\/0e6013895df6d110a5148a6544dd5878.jpg\" alt=\"3 Maneiras Inteligentes de Fazer Decora\u00e7\u00e3o de Parede da TV\" width=\"1024\" height=\"1024\" title=\"\"><figcaption class=\"wp-caption-text\">Fonte: Pinterest<\/figcaption><\/figure>\n<p>Utilizar spots ou fitas de LED pode fazer a diferen\u00e7a! Testa uns efeitos diferentes e veja qual funciona melhor pra voc\u00ea!<\/p>\n<figure style=\"width: 1024px\" class=\"wp-caption aligncenter\"><img loading=\"lazy\" decoding=\"async\" src=\"https:\/\/www.arquitetoalexandresouza.com.br\/blog\/wp-content\/uploads\/2025\/04\/ad45bb0c7ec1f470734f3055d1170ffc.jpg\" alt=\"3 Maneiras Inteligentes de Fazer Decora\u00e7\u00e3o de Parede da TV\" width=\"1024\" height=\"1024\" title=\"\"><figcaption class=\"wp-caption-text\">Fonte: Pinterest<\/figcaption><\/figure>\n<h3>Fugindo do Comum<\/h3>\n<p>Por que n\u00e3o pensar fora da caixa? Adicionar um espelho ou uma obra de arte intrigante pode surpreender seus visitantes. <b>Seja ousado!<\/b><\/p>\n<figure style=\"width: 1024px\" class=\"wp-caption aligncenter\"><img loading=\"lazy\" decoding=\"async\" src=\"https:\/\/www.arquitetoalexandresouza.com.br\/blog\/wp-content\/uploads\/2025\/04\/3-Maneiras-Inteligentes-de-Fazer-Decoracao-de-Parede-da-TV02.jpg\" alt=\"3 Maneiras Inteligentes de Fazer Decora\u00e7\u00e3o de Parede da TV\" width=\"1024\" height=\"1024\" title=\"\"><figcaption class=\"wp-caption-text\">3 Maneiras Inteligentes de Fazer Decora\u00e7\u00e3o de Parede da TV<\/figcaption><\/figure>\n<p>Lembre-se, a sua casa deve refletir a sua personalidade. Ent\u00e3o, escolha elementos que <b>contam a sua hist\u00f3ria<\/b>.<\/p>\n<h3>Inspire-se em Tend\u00eancias<\/h3>\n<p>Fique de olho nas tend\u00eancias de decora\u00e7\u00e3o. O estilo escandinavo, por exemplo, \u00e9 moderno e funcional. J\u00e1 o boho? \u00c9 pura personalidade!<\/p>\n<p>Esses estilos podem te ajudar a encontrar uma nova vibe para a sua sala. A <b>decora\u00e7\u00e3o da parede da TV<\/b> pode ser chic e original!<\/p>\n<h3>Considera\u00e7\u00f5es Finais<\/h3>\n<p>Ent\u00e3o, agora voc\u00ea j\u00e1 tem v\u00e1rias dicas para apostar numa decora\u00e7\u00e3o incr\u00edvel. <b>Se jogue!<\/b><\/p>\n<p>E lembre-se: a transforma\u00e7\u00e3o do seu espa\u00e7o come\u00e7a com pequenas atitudes e muita criatividade. Que tal come\u00e7ar agora mesmo?<\/p><\/p>\n","protected":false},"excerpt":{"rendered":"<p>As 5 Melhores Dicas para Decorar a Parede da TV<\/p>\n","protected":false},"author":1,"featured_media":42146,"comment_status":"closed","ping_status":"closed","sticky":false,"template":"","format":"standard","meta":{"footnotes":""},"categories":[],"tags":[],"_links":{"self":[{"href":"https:\/\/www.arquitetoalexandresouza.com.br\/blog\/wp-json\/wp\/v2\/posts\/42153"}],"collection":[{"href":"https:\/\/www.arquitetoalexandresouza.com.br\/blog\/wp-json\/wp\/v2\/posts"}],"about":[{"href":"https:\/\/www.arquitetoalexandresouza.com.br\/blog\/wp-json\/wp\/v2\/types\/post"}],"author":[{"embeddable":true,"href":"https:\/\/www.arquitetoalexandresouza.com.br\/blog\/wp-json\/wp\/v2\/users\/1"}],"replies":[{"embeddable":true,"href":"https:\/\/www.arquitetoalexandresouza.com.br\/blog\/wp-json\/wp\/v2\/comments?post=42153"}],"version-history":[{"count":0,"href":"https:\/\/www.arquitetoalexandresouza.com.br\/blog\/wp-json\/wp\/v2\/posts\/42153\/revisions"}],"wp:featuredmedia":[{"embeddable":true,"href":"https:\/\/www.arquitetoalexandresouza.com.br\/blog\/wp-json\/wp\/v2\/media\/42146"}],"wp:attachment":[{"href":"https:\/\/www.arquitetoalexandresouza.com.br\/blog\/wp-json\/wp\/v2\/media?parent=42153"}],"wp:term":[{"taxonomy":"category","embeddable":true,"href":"https:\/\/www.arquitetoalexandresouza.com.br\/blog\/wp-json\/wp\/v2\/categories?post=42153"},{"taxonomy":"post_tag","embeddable":true,"href":"https:\/\/www.arquitetoalexandresouza.com.br\/blog\/wp-json\/wp\/v2\/tags?post=42153"}],"curies":[{"name":"wp","href":"https:\/\/api.w.org\/{rel}","templated":true}]}}