{"id":695,"date":"2023-09-25T06:59:04","date_gmt":"2023-09-25T09:59:04","guid":{"rendered":"https:\/\/www.arquitetoalexandresouza.com.br\/blog\/?p=695"},"modified":"2023-09-25T06:59:04","modified_gmt":"2023-09-25T09:59:04","slug":"lirio-da-paz","status":"publish","type":"post","link":"https:\/\/www.arquitetoalexandresouza.com.br\/blog\/lirio-da-paz\/","title":{"rendered":"L\u00edrio da Paz &#8211; Como cultivar e cuidar"},"content":{"rendered":"<p>O l\u00edrio da paz \u00e9 uma planta tropical pertencente \u00e0 fam\u00edlia Araceae. \u00c9 conhecida por suas grandes folhas verdes e por suas flores brancas, rosa ou vermelhas, que t\u00eam forma de sino e s\u00e3o muito perfumadas.<\/p>\n<p>Ela \u00e9 origin\u00e1ria das florestas da Am\u00e9rica Central e do Caribe, mas hoje em dia \u00e9 cultivada em v\u00e1rias partes do mundo como planta de interior ou de jardim.<\/p>\n<p>O l\u00edrio da paz \u00e9 uma planta muito vers\u00e1til, pois pode ser cultivada em vasos ou em jardineiras, e \u00e9 adequada tanto para ambientes internos quanto externos.<\/p>\n<p>Al\u00e9m disso, \u00e9 uma planta relativamente f\u00e1cil de cuidar, pois precisa de pouca luz e \u00e1gua, e n\u00e3o requer muito fertilizante.<\/p>\n<h2>L\u00edrio da Paz &#8211; Como cultivar e cuidar<\/h2>\n<h3><strong>Onde plantar o l\u00edrio da paz<\/strong><\/h3>\n<p>O l\u00edrio da paz \u00e9 uma planta tropical que prefere climas quentes e \u00famidos. No entanto, ela pode ser cultivada em vasos dentro de casa em regi\u00f5es mais frias, desde que seja colocada em um local com muita luz, mas sem sol direto.<\/p>\n<p>Al\u00e9m disso, \u00e9 importante que o solo seja bem drenado para evitar o ac\u00famulo de \u00e1gua e o apodrecimento das ra\u00edzes.<\/p>\n<p><img loading=\"lazy\" decoding=\"async\" class=\"alignnone wp-image-16367 size-full\" title=\"L\u00cdRIO DA PAZ\" src=\"https:\/\/www.arquitetoalexandresouza.com.br\/blog\/wp-content\/uploads\/2022\/12\/LIRIO-DA-PAZ-CAPA-POST.jpg\" alt=\"L\u00cdRIO DA PAZ\" width=\"695\" height=\"459\" \/><\/p>\n<p>Se voc\u00ea deseja plantar o l\u00edrio da paz ao ar livre, o melhor \u00e9 escolher um local com sombra parcial ou meia-sombra. A planta pode ser cultivada em jardineiras ou em canteiros, mas \u00e9 importante garantir que o solo seja f\u00e9rtil, \u00famido e bem drenado.<\/p>\n<p>\u00c9 recomend\u00e1vel adicionar adubo org\u00e2nico no solo antes de plantar o l\u00edrio da paz, para fornecer nutrientes \u00e0 planta.<\/p>\n<h3><strong>Plantar o l\u00edrio da paz sob \u00e1rvores<\/strong><\/h3>\n<p><img loading=\"lazy\" decoding=\"async\" class=\"alignnone wp-image-16368 size-full\" title=\"L\u00cdRIO DA PAZ\" src=\"https:\/\/www.arquitetoalexandresouza.com.br\/blog\/wp-content\/uploads\/2022\/12\/LIRIO-DA-PAZ-07.jpg\" alt=\"L\u00cdRIO DA PAZ\" width=\"480\" height=\"600\" \/><\/p>\n<p>O l\u00edrio da paz \u00e9 uma planta que prefere sombra parcial ou meia-sombra, por isso pode ser adequado para ser plantado sob as \u00e1rvores. No entanto, \u00e9 importante levar em conta alguns fatores antes de tomar essa decis\u00e3o.<\/p>\n<p>Em primeiro lugar, \u00e9 preciso avaliar se a \u00e1rvore fornece sombra suficiente para a planta. O l\u00edrio da paz precisa de luz, mas n\u00e3o tolera sol direto por muito tempo. Se a \u00e1rvore fornece sombra parcial ou meia-sombra, pode ser um bom local para plantar o l\u00edrio da paz.<\/p>\n<p><a href=\"https:\/\/www.modulo21.com.br\/ebook-suculentas\/\" target=\"_blank\" rel=\"noopener\"><img loading=\"lazy\" decoding=\"async\" class=\"alignnone size-full wp-image-17511\" src=\"https:\/\/www.arquitetoalexandresouza.com.br\/blog\/wp-content\/uploads\/2023\/02\/ANUNCIO-SUCULENTAS-3.jpg\" alt=\"\" width=\"700\" height=\"395\" title=\"\"><\/a><\/p>\n<p>Em segundo lugar, \u00e9 preciso avaliar o tipo de solo sob a \u00e1rvore. O l\u00edrio da paz prefere solos f\u00e9rteis, \u00famidos e bem drenados. Se o solo sob a \u00e1rvore for compactado ou pobre em nutrientes, pode ser necess\u00e1rio adicionar adubo org\u00e2nico ou preparar o solo antes de plantar a planta.<\/p>\n<p>Em terceiro lugar, \u00e9 preciso levar em conta o tipo de \u00e1rvore. Algumas \u00e1rvores podem competir com as plantas por nutrientes ou \u00e1gua, o que pode prejudicar o crescimento do l\u00edrio da paz. Al\u00e9m disso, algumas \u00e1rvores podem soltar muitas folhas ou frutos, o que pode sujar o solo e impedir que a planta receba luz suficiente.<\/p>\n<p>Se voc\u00ea decidir plantar o l\u00edrio da paz sob uma \u00e1rvore, \u00e9 importante observar a planta de perto para verificar se ela est\u00e1 se desenvolvendo adequadamente. Se ela estiver com sinais de m\u00e1 nutri\u00e7\u00e3o ou se estiver crescendo lentamente, pode ser necess\u00e1rio remov\u00ea-la e plant\u00e1-la em outro local.<\/p>\n<h3><strong>Como plantar o l\u00edrio da paz em um vaso<\/strong><\/h3>\n<p><img loading=\"lazy\" decoding=\"async\" class=\"alignnone size-full wp-image-14643\" src=\"https:\/\/www.arquitetoalexandresouza.com.br\/blog\/wp-content\/uploads\/2022\/10\/cropped-LIRIO-DA-PAZ-01.jpg\" alt=\"cropped-LIRIO-DA-PAZ-01.jpg\" width=\"640\" height=\"853\" title=\"\"><\/p>\n<p>Para plantar o l\u00edrio da paz em um vaso, siga os seguintes passos:<\/p>\n<ol>\n<li>Escolha um vaso de tamanho adequado para a planta. O vaso deve ter furos de drenagem para evitar o ac\u00famulo de \u00e1gua no solo.<\/li>\n<li>Coloque uma camada de drenagem no fundo do vaso, como pedras ou argila expandida, para ajudar a evitar o excesso de \u00e1gua no solo.<\/li>\n<li>Encha o vaso com um solo de boa qualidade para plantas tropicais, como um misto de terra comum, h\u00famus de minhoca e areia.<\/li>\n<li>Remova a planta do seu vaso atual, se for o caso, e retire qualquer excesso de solo antigo das ra\u00edzes.<\/li>\n<li>Coloque a planta no centro do novo vaso e ajuste o n\u00edvel do solo para que a base da planta fique ao mesmo n\u00edvel que o solo do vaso.<\/li>\n<li>Adicione mais solo ao redor da planta, pressionando levemente para fix\u00e1-la no lugar.<\/li>\n<li>Regue a planta para umedecer o solo e remova qualquer excesso de \u00e1gua do prato do vaso.<\/li>\n<li>Colocar o vaso em um local com muita luz, mas sem sol direto, e regue regularmente para manter o solo \u00famido, mas n\u00e3o encharcado. N\u00e3o esque\u00e7a de adicionar fertilizante l\u00edquido de vez em quando para fornecer nutrientes \u00e0 planta.<\/li>\n<li>Corte as flores murchas para estimular a produ\u00e7\u00e3o de novas flores.<\/li>\n<\/ol>\n<h3><strong>Quais os cuidados com o l\u00edrio da paz<\/strong><\/h3>\n<p><img loading=\"lazy\" decoding=\"async\" class=\"alignnone wp-image-16369 size-full\" title=\"L\u00cdRIO DA PAZ\" src=\"https:\/\/www.arquitetoalexandresouza.com.br\/blog\/wp-content\/uploads\/2022\/12\/LIRIO-DA-PAZ-06.jpg\" alt=\"L\u00cdRIO DA PAZ\" width=\"564\" height=\"423\" \/><\/p>\n<p>O l\u00edrio da paz \u00e9 uma planta relativamente f\u00e1cil de cuidar, mas requer alguns cuidados b\u00e1sicos para se desenvolver adequadamente. Aqui est\u00e3o algumas dicas para cultivar o l\u00edrio da paz:<\/p>\n<ol>\n<li>Coloque a planta em um local com luz, mas sem sol direto. O l\u00edrio da paz precisa de luz para crescer, mas n\u00e3o tolera sol direto por muito tempo, especialmente durante as horas mais quentes do dia.<\/li>\n<li>Mantenha o solo \u00famido, mas sem excesso de \u00e1gua. Regue a planta regularmente, mas sem encharcar o solo. Deixe o solo secar um pouco entre as regas para evitar o apodrecimento das ra\u00edzes.<\/li>\n<li>Adicione fertilizante l\u00edquido de vez em quando. O l\u00edrio da paz precisa de nutrientes para crescer e florescer. Adicione fertilizante l\u00edquido de acordo com as instru\u00e7\u00f5es do fabricante para fornecer os nutrientes necess\u00e1rios \u00e0 planta.<\/li>\n<li>Corte as flores murchas. Corte as flores murchas assim que elas aparecerem para estimular a produ\u00e7\u00e3o de novas flores.<\/li>\n<li>Limpe as folhas com um pano \u00famido. As folhas do l\u00edrio da paz podem ficar sujas com o p\u00f3 e a poeira do ambiente. Limpe-as regularmente com um pano \u00famido para mant\u00ea-las limpas e atraentes.<\/li>\n<li>Repot a planta a cada 2 a 3 anos. Quando a planta ficar grande demais para o seu vaso, \u00e9 preciso repot\u00e1-la em um vaso maior. Escolha um vaso com furos de drenagem e coloque uma camada de drenagem no fundo antes de adicionar o novo solo.<\/li>\n<\/ol>\n<p><a href=\"https:\/\/www.modulo21.com.br\/ebook-suculentas\/\" target=\"_blank\" rel=\"noopener\"><img loading=\"lazy\" decoding=\"async\" class=\"alignnone size-full wp-image-17511\" src=\"https:\/\/www.arquitetoalexandresouza.com.br\/blog\/wp-content\/uploads\/2023\/02\/ANUNCIO-SUCULENTAS-3.jpg\" alt=\"\" width=\"700\" height=\"395\" title=\"\"><\/a><\/p>\n<h3><strong>Conclus\u00e3o<\/strong><\/h3>\n<p>O l\u00edrio da paz \u00e9 uma planta tropical pertencente \u00e0 fam\u00edlia Araceae, conhecida por suas grandes folhas verdes e suas flores brancas, rosa ou vermelhas, que t\u00eam forma de sino e s\u00e3o muito perfumadas.<\/p>\n<p>Ela \u00e9 origin\u00e1ria das florestas da Am\u00e9rica Central e do Caribe, mas hoje em dia \u00e9 cultivada em v\u00e1rias partes do mundo como planta de interior ou de jardim. O l\u00edrio da paz \u00e9 uma planta vers\u00e1til e f\u00e1cil de cuidar, que pode ser cultivada em vasos ou em jardineiras, tanto em ambientes internos quanto externos.<\/p>\n<p>Al\u00e9m disso, \u00e9 conhecida por suas propriedades medicinais, sendo utilizada em algumas culturas para tratar dores de cabe\u00e7a, problemas respirat\u00f3rios e infec\u00e7\u00f5es da pele.<\/p>\n<p>Para cultivar o l\u00edrio da paz, \u00e9 preciso escolher um local com luz, mas sem sol direto, manter o solo \u00famido, mas sem excesso de \u00e1gua, adicionar fertilizante l\u00edquido de vez em quando, cortar as flores murchas e limpar as folhas com um pano \u00famido<\/p>\n<p>Fonte: <a href=\"https:\/\/www.aarquiteta.com.br\/blog\/\" target=\"_blank\" rel=\"noopener\">Aarquiteta<\/a><\/p>\n<h2>Voc\u00ea sabia que voc\u00ea pode aprender decora\u00e7\u00e3o?<\/h2>\n<h3><a href=\"https:\/\/www.modulo21.com.br\/cursos\/decore-facil-curso-de-decoracao\/\" target=\"_blank\" rel=\"noopener\"><img loading=\"lazy\" decoding=\"async\" class=\"alignnone size-full wp-image-13950 perfmatters-lazy entered pmloaded\" src=\"https:\/\/www.arquitetoalexandresouza.com.br\/blog\/wp-content\/uploads\/2022\/07\/ANUNCIO-AA.jpeg\" alt=\"\" width=\"700\" height=\"692\" data-src=\"https:\/\/www.arquitetoalexandresouza.com.br\/blog\/wp-content\/uploads\/2022\/07\/ANUNCIO-AA.jpeg\" data-ll-status=\"loaded\" data- title=\"\"><\/a><\/h3>\n<p>Te convido a conhecer o curso\u00a0<a href=\"https:\/\/www.modulo21.com.br\/cursos\/decore-facil-curso-de-decoracao\/\" target=\"_blank\" rel=\"noopener\">DECORE F\u00c1CIL<\/a>\u00a0que \u00e9 um conjunto de v\u00eddeo aulas criadas justamente para qualquer pessoa que gostaria de melhorar a decora\u00e7\u00e3o da sua casa, mas que n\u00e3o quer, ou n\u00e3o tem tempo para investir em um curso de decora\u00e7\u00e3o extenso ou ainda um curso completo de\u00a0<a href=\"https:\/\/www.modulo21.com.br\/design-de-interiores-profissao-e-atuacao\/\" target=\"_blank\" rel=\"noopener\">Design de Interiores<\/a>.<\/p>\n<p>N\u00e3o importa qual a sua profiss\u00e3o! Dona de casa, advogada, m\u00e9dicos\u2026 ou ainda tantas outras profiss\u00f5es fora do mundo das artes.<\/p>\n<p>Voc\u00ea poder\u00e1 decorar a sua casa independente de estilo, independente do que a moda diz, usando composi\u00e7\u00e3o de materiais, texturas, em fim! Tudo o que engloba o conceito de decora\u00e7\u00e3o para qualquer situa\u00e7\u00e3o.<\/p>\n<p>O importante \u00e9 frisar que, independente do gosto de cada um, com este curso potencializaremos a decora\u00e7\u00e3o no estilo que voc\u00ea j\u00e1 possui ou que deseja atualizar.<\/p>\n<h4><span id=\"Esta_em_busca_de_um_decorador_e_design_de_interiores\" class=\"ez-toc-section\"><\/span><strong>Est\u00e1 em busca de um decorador e design de interiores?<\/strong><\/h4>\n<p>\u00c0s vezes pensamos que contratar um arquiteto para desenvolver uma decora\u00e7\u00e3o ou modificar ambientes em nossas casas, pode ser algo muito caro, mas, na verdade, n\u00e3o \u00e9 t\u00e3o caro assim.<\/p>\n<p>Uma consultoria ou um estudo preliminar que contratamos, j\u00e1 conseguimos uma dire\u00e7\u00e3o e evitamos erros que nos fazem gastar duas vezes em uma decora\u00e7\u00e3o, disse\u00a0<a href=\"http:\/\/www.arquitetoalexandresouza.com.br\/\" target=\"_blank\" rel=\"noopener\">Arq. Alexandre Souza<\/a>. Ent\u00e3o, antes de sair comprando e decorando sua casa, consulte um profissional.<\/p>\n","protected":false},"excerpt":{"rendered":"<p>O l\u00edrio da paz \u00e9 uma planta tropical pertencente \u00e0 fam\u00edlia Araceae. \u00c9 conhecida por suas grandes folhas verdes e por suas flores brancas, rosa ou vermelhas, que t\u00eam forma de sino e s\u00e3o muito perfumadas. Ela \u00e9 origin\u00e1ria das florestas da Am\u00e9rica Central e do Caribe, mas hoje em dia \u00e9 cultivada em v\u00e1rias [&hellip;]<\/p>\n","protected":false},"author":1,"featured_media":691,"comment_status":"closed","ping_status":"open","sticky":false,"template":"","format":"standard","meta":{"footnotes":""},"categories":[20,6],"tags":[761,762,763,764,765,766,767,768,769,770,771,772,773,774,775,776,777,778],"_links":{"self":[{"href":"https:\/\/www.arquitetoalexandresouza.com.br\/blog\/wp-json\/wp\/v2\/posts\/695"}],"collection":[{"href":"https:\/\/www.arquitetoalexandresouza.com.br\/blog\/wp-json\/wp\/v2\/posts"}],"about":[{"href":"https:\/\/www.arquitetoalexandresouza.com.br\/blog\/wp-json\/wp\/v2\/types\/post"}],"author":[{"embeddable":true,"href":"https:\/\/www.arquitetoalexandresouza.com.br\/blog\/wp-json\/wp\/v2\/users\/1"}],"replies":[{"embeddable":true,"href":"https:\/\/www.arquitetoalexandresouza.com.br\/blog\/wp-json\/wp\/v2\/comments?post=695"}],"version-history":[{"count":0,"href":"https:\/\/www.arquitetoalexandresouza.com.br\/blog\/wp-json\/wp\/v2\/posts\/695\/revisions"}],"wp:featuredmedia":[{"embeddable":true,"href":"https:\/\/www.arquitetoalexandresouza.com.br\/blog\/wp-json\/wp\/v2\/media\/691"}],"wp:attachment":[{"href":"https:\/\/www.arquitetoalexandresouza.com.br\/blog\/wp-json\/wp\/v2\/media?parent=695"}],"wp:term":[{"taxonomy":"category","embeddable":true,"href":"https:\/\/www.arquitetoalexandresouza.com.br\/blog\/wp-json\/wp\/v2\/categories?post=695"},{"taxonomy":"post_tag","embeddable":true,"href":"https:\/\/www.arquitetoalexandresouza.com.br\/blog\/wp-json\/wp\/v2\/tags?post=695"}],"curies":[{"name":"wp","href":"https:\/\/api.w.org\/{rel}","templated":true}]}}